{"id":246446,"date":"2024-08-05T19:40:54","date_gmt":"2024-08-05T22:40:54","guid":{"rendered":"https:\/\/www.redenoticia.com.br\/noticia\/?p=246446"},"modified":"2024-08-05T19:40:54","modified_gmt":"2024-08-05T22:40:54","slug":"resumo-renascer-06-08-egidio-pede-perdao-a-jose-inocencio","status":"publish","type":"post","link":"https:\/\/migracao.redenoticia.com.br\/noticia\/2024\/resumo-renascer-06-08-egidio-pede-perdao-a-jose-inocencio\/246446","title":{"rendered":"Resumo &#8220;Renascer&#8221; 06\/08: Eg\u00eddio pede perd\u00e3o a Jos\u00e9 Inoc\u00eancio"},"content":{"rendered":"<p> <img loading=\"lazy\" decoding=\"async\" src=\"https:\/\/migracao.redenoticia.com.br\/noticia\/imagens\/renascer-resumo-capitulos-hoje.jpg\" alt=\"\" width=\"1280\" height=\"720\" class=\"aligncenter size-full wp-image-241929\" srcset=\"https:\/\/migracao.redenoticia.com.br\/noticia\/imagens\/renascer-resumo-capitulos-hoje.jpg 1280w, https:\/\/migracao.redenoticia.com.br\/noticia\/imagens\/renascer-resumo-capitulos-hoje-250x140.jpg 250w, https:\/\/migracao.redenoticia.com.br\/noticia\/imagens\/renascer-resumo-capitulos-hoje-400x225.jpg 400w, https:\/\/migracao.redenoticia.com.br\/noticia\/imagens\/renascer-resumo-capitulos-hoje-768x432.jpg 768w, https:\/\/migracao.redenoticia.com.br\/noticia\/imagens\/renascer-resumo-capitulos-hoje-150x85.jpg 150w\" sizes=\"auto, (max-width: 1280px) 100vw, 1280px\" \/><\/p>\n<p><strong><em>Resumo da novela &#8220;Renascer&#8221;<\/em><\/strong> em 06\/08: no cap\u00edtulo 168(*) da novela, Dami\u00e3o teme por seu filho, diante das amea\u00e7as de Eliana. Eliana tenta conversar com Eg\u00eddio, mas o coronel a despreza. Dami\u00e3o pressente que o filho que Eliana espera \u00e9 seu. Bento ensina a Zinha algumas dicas para conquistas pretendentes. Eriberto surpreende Kika ao aparecer na vila e ela se incomoda. Dami\u00e3o procura Eg\u00eddio para pedir emprego, e recebe uma negativa do coronel. In\u00e1cia repreende Ritinha, ao ver a filha interessada em Eriberto. Eg\u00eddio fica impactado com as novas descobertas do delegado, e revira a casa de Mar\u00e7al \u00e0 procura de sua arma.<\/p>\n<p>Eliana exige que o delegado N\u00f3rcia lhe esclare\u00e7a se o assassinato de Ven\u00e2ncio tem alguma coisa a ver com o atentado de Eg\u00eddio. Eg\u00eddio conclui que foi Mar\u00e7al quem atentou contra ele. Jos\u00e9 Inoc\u00eancio, Augusto e Bento reagem quando Eg\u00eddio mostra c\u00f3pia dos laudos da pol\u00edcia, ligando a morte de Ven\u00e2ncio e seu atentado. Eg\u00eddio pede perd\u00e3o a Jos\u00e9 Inoc\u00eancio e agradece a Augusto por ter salvado sua vida. Buba fica contrariada quando Augusto convida Eg\u00eddio para o casamento. Sandra aceita ser madrinha do casamento de Augusto ao lado de Jo\u00e3o Pedro.<\/p>\n<p>(*) edi\u00e7\u00e3o das novelas da Globo, &#8220;Renascer&#8221;, sujeito a altera\u00e7\u00e3o de data e conte\u00fado.<\/p>\n<p>Sinopse &#8220;Renascer&#8221;: Jos\u00e9 Inoc\u00eancio chegou na zona cacaueira de Ilh\u00e9us, na Bahia, e fincou um fac\u00e3o aos p\u00e9s de um frondoso jequitib\u00e1. Este gesto passa a ser o s\u00edmbolo de sua coragem e do sonho de se tornar eterno. Apaixona-se ap\u00f3s o boi-bumb\u00e1 passar por sua fazenda, casa-se com Maria Santa e torna-se pai de quatro filhos: Jos\u00e9 Augusto, Jos\u00e9 Bento, Jos\u00e9 Ven\u00e2ncio e Jo\u00e3o Pedro, o ca\u00e7ula, cujo nascimento \u00e9 acompanhado da morte da m\u00e3e, por complica\u00e7\u00f5es durante o parto.<\/p>\n<p>O fato faz com que Z\u00e9 Inoc\u00eancio desenvolva um relacionamento de \u00f3dio com o filho. Essa desaven\u00e7a \u00e9 que conduz todas as tramas da hist\u00f3ria. Elas se aceleram quando Inoc\u00eancio, j\u00e1 cinquent\u00e3o, conquista e casa-se com a namorada de Jo\u00e3o Pedro, a jovem Mariana. Esta \u00e9 neta do seu maior desafeto no passado, Belarmino, assassinado de forma misteriosa, com as suspeitas recaindo sobre o pr\u00f3prio Inoc\u00eancio. <\/p>\n","protected":false},"excerpt":{"rendered":"<p>Resumo da novela &#8220;Renascer&#8221; em 06\/08: no cap\u00edtulo 168(*) da novela, Dami\u00e3o teme por seu filho, diante das amea\u00e7as de Eliana. Eliana tenta conversar com Eg\u00eddio, mas o coronel a despreza. Dami\u00e3o pressente que o filho que Eliana espera \u00e9 seu. Bento ensina a Zinha algumas dicas para conquistas pretendentes. Eriberto surpreende Kika ao aparecer [&hellip;]<\/p>\n","protected":false},"author":2,"featured_media":241527,"comment_status":"closed","ping_status":"closed","sticky":false,"template":"","format":"standard","meta":{"tdm_status":"","tdm_grid_status":"","footnotes":""},"categories":[379,375,2323,2025,343],"tags":[441],"class_list":{"0":"post-246446","1":"post","2":"type-post","3":"status-publish","4":"format-standard","5":"has-post-thumbnail","7":"category-novelas","8":"category-rede-globo","9":"category-renascer","10":"category-resumo","11":"category-televisao","12":"tag-resumo-do-dia"},"_links":{"self":[{"href":"https:\/\/migracao.redenoticia.com.br\/noticia\/wp-json\/wp\/v2\/posts\/246446","targetHints":{"allow":["GET"]}}],"collection":[{"href":"https:\/\/migracao.redenoticia.com.br\/noticia\/wp-json\/wp\/v2\/posts"}],"about":[{"href":"https:\/\/migracao.redenoticia.com.br\/noticia\/wp-json\/wp\/v2\/types\/post"}],"author":[{"embeddable":true,"href":"https:\/\/migracao.redenoticia.com.br\/noticia\/wp-json\/wp\/v2\/users\/2"}],"replies":[{"embeddable":true,"href":"https:\/\/migracao.redenoticia.com.br\/noticia\/wp-json\/wp\/v2\/comments?post=246446"}],"version-history":[{"count":0,"href":"https:\/\/migracao.redenoticia.com.br\/noticia\/wp-json\/wp\/v2\/posts\/246446\/revisions"}],"wp:featuredmedia":[{"embeddable":true,"href":"https:\/\/migracao.redenoticia.com.br\/noticia\/wp-json\/wp\/v2\/media\/241527"}],"wp:attachment":[{"href":"https:\/\/migracao.redenoticia.com.br\/noticia\/wp-json\/wp\/v2\/media?parent=246446"}],"wp:term":[{"taxonomy":"category","embeddable":true,"href":"https:\/\/migracao.redenoticia.com.br\/noticia\/wp-json\/wp\/v2\/categories?post=246446"},{"taxonomy":"post_tag","embeddable":true,"href":"https:\/\/migracao.redenoticia.com.br\/noticia\/wp-json\/wp\/v2\/tags?post=246446"}],"curies":[{"name":"wp","href":"https:\/\/api.w.org\/{rel}","templated":true}]}}