{"id":246447,"date":"2024-08-05T19:29:44","date_gmt":"2024-08-05T22:29:44","guid":{"rendered":"https:\/\/www.redenoticia.com.br\/noticia\/?p=246447"},"modified":"2024-08-05T19:29:44","modified_gmt":"2024-08-05T22:29:44","slug":"resumo-contigo-sim-06-08-angela-confessa-que-foi-chantageada-por-alma","status":"publish","type":"post","link":"https:\/\/migracao.redenoticia.com.br\/noticia\/2024\/resumo-contigo-sim-06-08-angela-confessa-que-foi-chantageada-por-alma\/246447","title":{"rendered":"Resumo \u201cContigo Sim\u201d 06\/08: Angela confessa que foi chantageada por Alma"},"content":{"rendered":"<p> <img loading=\"lazy\" decoding=\"async\" src=\"https:\/\/migracao.redenoticia.com.br\/noticia\/imagens\/novela-contigo-sim-capitulo-resumo.jpg\" alt=\"\" width=\"1280\" height=\"720\" class=\"aligncenter size-full wp-image-243831\" srcset=\"https:\/\/migracao.redenoticia.com.br\/noticia\/imagens\/novela-contigo-sim-capitulo-resumo.jpg 1280w, https:\/\/migracao.redenoticia.com.br\/noticia\/imagens\/novela-contigo-sim-capitulo-resumo-250x140.jpg 250w, https:\/\/migracao.redenoticia.com.br\/noticia\/imagens\/novela-contigo-sim-capitulo-resumo-400x225.jpg 400w, https:\/\/migracao.redenoticia.com.br\/noticia\/imagens\/novela-contigo-sim-capitulo-resumo-768x432.jpg 768w, https:\/\/migracao.redenoticia.com.br\/noticia\/imagens\/novela-contigo-sim-capitulo-resumo-150x85.jpg 150w\" sizes=\"auto, (max-width: 1280px) 100vw, 1280px\" \/>    <\/p>\n<p><strong><em>Resumo da novela \u201cContigo Sim\u201d<\/em><\/strong> em 06\/08: no cap\u00edtulo 077(*) da novela, \u00c1lvaro entra no quarto de Clarita e a encontra beijando Dar\u00edo, ent\u00e3o ele imediatamente o ataca, mas Clarita confessa seus sentimentos, \u00c1ngela descobre que sua m\u00e3e \u00e9 uma assassina e Samanta a chantageia entregando-a \u00e0s autoridades caso ela se recuse a sair da cidade. \u00c1lvaro informa a Clarita que j\u00e1 come\u00e7ou a procurar escolas para ela estudar no exterior, \u00c1ngela se despede de Leonardo e Eddie se arrisca com Oscar.<\/p>\n<p>Don Gerardo convida Adela para sair, mas ela o rejeita porque n\u00e3o quer que pensem que ela \u00e9 uma mulher interessada. Luz consegue se divorciar de F\u00e9lix e C\u00e2ndida exige que \u00c1lvaro permita que ela veja Clarita. Clarita n\u00e3o quer deixar Dar\u00edo ent\u00e3o decide ir morar na casa do homem que ama, deixando uma carta para seu irm\u00e3o \u00c1lvaro quer fazer as coisas direito e est\u00e1 disposto a defender seu amor. para interromper seu casamento com Alma. Antes de partir para o Real del Mar, \u00c1ngela se despede de Don Gerardo e agradece todo o apoio e garante que sempre o viu como um pai. Samanta acredita que Dar\u00edo n\u00e3o ama Clarita e s\u00f3 est\u00e1 se vingando de \u00c1lvaro.<\/p>\n<p>Leonardo procura \u00c1ngela para explicar os motivos pelos quais quis impedir o casamento, ela n\u00e3o hesita em confessar que foi chantageada por Alma, Adela se entrega \u00e0s autoridades e Mirta confronta Julio. Adela entra em contato com \u00c1ngela para inform\u00e1-la que ela se entregou \u00e0s autoridades e confessa como foram os acontecimentos. Leonardo n\u00e3o hesita em apoi\u00e1-la neste momento doloroso. Samanta procura Clarita para tentar humilh\u00e1-la, mas ela a coloca em seu lugar. Adela n\u00e3o hesita em confessar seus sentimentos a Dom Gerardo. Ao ouvi-la, ele confirma que o carinho \u00e9 m\u00fatuo. <\/p>\n<p>(*) edi\u00e7\u00e3o das novelas do SBT, \u201cContigo Sim\u201d, sujeito a altera\u00e7\u00e3o de data e conte\u00fado.<\/p>\n<p>Sinopse: \u201cContigo Sim\u201d conta a hist\u00f3ria de \u00c1ngela (Alejandra Robles Gil), que \u00e9 enfermeira e estudante de medicina. Ela \u00e9 seduzida por \u00c1lvaro (Danilo Carrera), um jovem ambicioso que visita sua cidade em viagem de neg\u00f3cios para construir um hospital. \u00c1ngela e \u00c1lvaro se casam, mas ele a abandona e volta para a Cidade do M\u00e9xico, onde fica noivo de Samantha (B\u00e1rbara Islas) e se casa com ela tamb\u00e9m. \u00c1ngela decide ir para a Cidade do M\u00e9xico em busca de \u00c1lvaro, ela descobre o engano e conhece Leonardo (Brandon Peniche), um m\u00e9dico que se apaixona por ela e passa a ser seu protetor. \u00c1ngela lutar\u00e1 incansavelmente contra as adversidades do destino, na busca pelo amor verdadeiro.<\/p>\n","protected":false},"excerpt":{"rendered":"<p>Resumo da novela \u201cContigo Sim\u201d em 06\/08: no cap\u00edtulo 077(*) da novela, \u00c1lvaro entra no quarto de Clarita e a encontra beijando Dar\u00edo, ent\u00e3o ele imediatamente o ataca, mas Clarita confessa seus sentimentos, \u00c1ngela descobre que sua m\u00e3e \u00e9 uma assassina e Samanta a chantageia entregando-a \u00e0s autoridades caso ela se recuse a sair da [&hellip;]<\/p>\n","protected":false},"author":3,"featured_media":243830,"comment_status":"closed","ping_status":"closed","sticky":false,"template":"","format":"standard","meta":{"tdm_status":"","tdm_grid_status":"","footnotes":""},"categories":[2327,379,2025,372,343],"tags":[441],"class_list":{"0":"post-246447","1":"post","2":"type-post","3":"status-publish","4":"format-standard","5":"has-post-thumbnail","7":"category-contigo-sim","8":"category-novelas","9":"category-resumo","10":"category-sbt","11":"category-televisao","12":"tag-resumo-do-dia"},"_links":{"self":[{"href":"https:\/\/migracao.redenoticia.com.br\/noticia\/wp-json\/wp\/v2\/posts\/246447","targetHints":{"allow":["GET"]}}],"collection":[{"href":"https:\/\/migracao.redenoticia.com.br\/noticia\/wp-json\/wp\/v2\/posts"}],"about":[{"href":"https:\/\/migracao.redenoticia.com.br\/noticia\/wp-json\/wp\/v2\/types\/post"}],"author":[{"embeddable":true,"href":"https:\/\/migracao.redenoticia.com.br\/noticia\/wp-json\/wp\/v2\/users\/3"}],"replies":[{"embeddable":true,"href":"https:\/\/migracao.redenoticia.com.br\/noticia\/wp-json\/wp\/v2\/comments?post=246447"}],"version-history":[{"count":0,"href":"https:\/\/migracao.redenoticia.com.br\/noticia\/wp-json\/wp\/v2\/posts\/246447\/revisions"}],"wp:featuredmedia":[{"embeddable":true,"href":"https:\/\/migracao.redenoticia.com.br\/noticia\/wp-json\/wp\/v2\/media\/243830"}],"wp:attachment":[{"href":"https:\/\/migracao.redenoticia.com.br\/noticia\/wp-json\/wp\/v2\/media?parent=246447"}],"wp:term":[{"taxonomy":"category","embeddable":true,"href":"https:\/\/migracao.redenoticia.com.br\/noticia\/wp-json\/wp\/v2\/categories?post=246447"},{"taxonomy":"post_tag","embeddable":true,"href":"https:\/\/migracao.redenoticia.com.br\/noticia\/wp-json\/wp\/v2\/tags?post=246447"}],"curies":[{"name":"wp","href":"https:\/\/api.w.org\/{rel}","templated":true}]}}