{"id":24647,"date":"2010-03-17T11:49:08","date_gmt":"2010-03-17T15:49:08","guid":{"rendered":"http:\/\/www.redenoticia.com.br\/noticia\/?p=24647"},"modified":"2010-03-17T11:49:08","modified_gmt":"2010-03-17T15:49:08","slug":"prefeitura-de-ji-parana-ro-recupera-bueiros-na-linha-uniao","status":"publish","type":"post","link":"https:\/\/migracao.redenoticia.com.br\/noticia\/2010\/prefeitura-de-ji-parana-ro-recupera-bueiros-na-linha-uniao\/24647","title":{"rendered":"Prefeitura de Ji-Paran\u00e1 (RO) recupera bueiros na linha Uni\u00e3o"},"content":{"rendered":"<p><span style=\"font-family: 'Times New Roman'; font-size: small;\">Depois das fortes chuvas registradas no final de semana em <strong>Ji-Paran\u00e1<\/strong> a Secretaria Municipal de Obras e Servi\u00e7os P\u00fablicos (Semosp) teve muito trabalho, n\u00e3o s\u00f3\u00a0no per\u00edmetro urbano, mas tamb\u00e9m na zona rural. Priorizando as rotas escolares no interior do munic\u00edpio a equipe da Prefeitura finalizou nesta quarta-feira (17) a recupera\u00e7\u00e3o de dois bueiros, pr\u00f3ximos a Escola P\u00f3lo da Linha Uni\u00e3o. Os funcion\u00e1rios da Semosp ampliaram a vaz\u00e3o substituindo os tubos de concreto de 0,80cm por tubos de um metro. Al\u00e9m da substitui\u00e7\u00e3o das manilhas os bueiros ter\u00e3o uma linha dupla de capta\u00e7\u00e3o. Para o coordenador de Obras da Semosp, Jo\u00e3o Vilas Boas, o trabalho foi conclu\u00eddo, apesar das chuvas, em tempo satisfat\u00f3rio. \u201cO aterro foi a \u00faltima fase desta recupera\u00e7\u00e3o que amplia a capacidade de coleta da \u00e1gua\u201d, disse Vilas Boas.<\/span><\/p>\n<p><span style=\"font-family: 'Times New Roman'; font-size: small;\">Ainda na zona rural a Prefeitura mant\u00e9m uma equipe de Pontes, na linha 98. Os funcion\u00e1rios recuperam um pontilh\u00e3o ap\u00f3s o travess\u00e3o N. O<strong> Secret\u00e1rio de Obras, Assis Canuto<\/strong>, informou que a equipe da Semosp teve que retornar a linha 207. Naquele setor foram recuperados pontes e pontos cr\u00edticos na estrada, por\u00e9m as mais de 12 horas ininterruptas de chuva na madrugada de domingo para segunda-feira comprometeu alguns bueiros. As \u00e1guas do Rio Boa Vista danificaram as obras que j\u00e1 est\u00e3o sendo recuperadas.<\/span><\/p>\n","protected":false},"excerpt":{"rendered":"<p>Depois das fortes chuvas registradas no final de semana em Ji-Paran\u00e1 a Secretaria Municipal de Obras e Servi\u00e7os P\u00fablicos (Semosp) teve muito trabalho, n\u00e3o s\u00f3\u00a0no per\u00edmetro urbano, mas tamb\u00e9m na zona rural. Priorizando as rotas escolares no interior do munic\u00edpio a equipe da Prefeitura finalizou nesta quarta-feira (17) a recupera\u00e7\u00e3o de dois bueiros, pr\u00f3ximos a [&hellip;]<\/p>\n","protected":false},"author":2,"featured_media":0,"comment_status":"open","ping_status":"open","sticky":false,"template":"","format":"standard","meta":{"tdm_status":"","tdm_grid_status":"","footnotes":""},"categories":[22],"tags":[],"class_list":{"0":"post-24647","1":"post","2":"type-post","3":"status-publish","4":"format-standard","6":"category-brasil"},"_links":{"self":[{"href":"https:\/\/migracao.redenoticia.com.br\/noticia\/wp-json\/wp\/v2\/posts\/24647","targetHints":{"allow":["GET"]}}],"collection":[{"href":"https:\/\/migracao.redenoticia.com.br\/noticia\/wp-json\/wp\/v2\/posts"}],"about":[{"href":"https:\/\/migracao.redenoticia.com.br\/noticia\/wp-json\/wp\/v2\/types\/post"}],"author":[{"embeddable":true,"href":"https:\/\/migracao.redenoticia.com.br\/noticia\/wp-json\/wp\/v2\/users\/2"}],"replies":[{"embeddable":true,"href":"https:\/\/migracao.redenoticia.com.br\/noticia\/wp-json\/wp\/v2\/comments?post=24647"}],"version-history":[{"count":0,"href":"https:\/\/migracao.redenoticia.com.br\/noticia\/wp-json\/wp\/v2\/posts\/24647\/revisions"}],"wp:attachment":[{"href":"https:\/\/migracao.redenoticia.com.br\/noticia\/wp-json\/wp\/v2\/media?parent=24647"}],"wp:term":[{"taxonomy":"category","embeddable":true,"href":"https:\/\/migracao.redenoticia.com.br\/noticia\/wp-json\/wp\/v2\/categories?post=24647"},{"taxonomy":"post_tag","embeddable":true,"href":"https:\/\/migracao.redenoticia.com.br\/noticia\/wp-json\/wp\/v2\/tags?post=24647"}],"curies":[{"name":"wp","href":"https:\/\/api.w.org\/{rel}","templated":true}]}}