{"id":246486,"date":"2024-08-06T15:33:02","date_gmt":"2024-08-06T18:33:02","guid":{"rendered":"https:\/\/www.redenoticia.com.br\/noticia\/?p=246486"},"modified":"2024-08-06T15:33:02","modified_gmt":"2024-08-06T18:33:02","slug":"resumo-familia-e-tudo-07-08-venus-e-leo-se-beijam","status":"publish","type":"post","link":"https:\/\/migracao.redenoticia.com.br\/noticia\/2024\/resumo-familia-e-tudo-07-08-venus-e-leo-se-beijam\/246486","title":{"rendered":"Resumo &#8220;Fam\u00edlia \u00e9 Tudo&#8221; 07\/08: V\u00eanus e L\u00e9o se beijam"},"content":{"rendered":"<p> <img loading=\"lazy\" decoding=\"async\" src=\"https:\/\/migracao.redenoticia.com.br\/noticia\/imagens\/novela-familia-e-tudo-resumo.jpg\" alt=\"\" width=\"1280\" height=\"720\" class=\"aligncenter size-full wp-image-242619\" srcset=\"https:\/\/migracao.redenoticia.com.br\/noticia\/imagens\/novela-familia-e-tudo-resumo.jpg 1280w, https:\/\/migracao.redenoticia.com.br\/noticia\/imagens\/novela-familia-e-tudo-resumo-250x140.jpg 250w, https:\/\/migracao.redenoticia.com.br\/noticia\/imagens\/novela-familia-e-tudo-resumo-400x225.jpg 400w, https:\/\/migracao.redenoticia.com.br\/noticia\/imagens\/novela-familia-e-tudo-resumo-768x432.jpg 768w, https:\/\/migracao.redenoticia.com.br\/noticia\/imagens\/novela-familia-e-tudo-resumo-150x85.jpg 150w\" sizes=\"auto, (max-width: 1280px) 100vw, 1280px\" \/><\/p>\n<p><strong><em>Resumo da novela &#8220;Fam\u00edlia \u00e9 Tudo&#8221;<\/em><\/strong> em 07\/08: no cap\u00edtulo 134(*) da novela, Hans tenta convencer Frida de sua inoc\u00eancia sobre a sabotagem. L\u00e9o diz a V\u00eanus que tem uma ideia para melhorar a imagem do restaurante. Tom pensa na possibilidade de ficar com Maya. Hans implora que Frida n\u00e3o revele a farsa para os primos. Furtado conclui que foi Mila quem sabotou o restaurante. V\u00eanus se emociona com o jeito como L\u00e9o a trata. Sheila discute com Andr\u00f4meda. Catarina alerta Frida para n\u00e3o se aproximar dos netos. Andr\u00f4meda v\u00ea Tom e Maya juntos e conta para V\u00eanus. Hans cobra que Ernesto apresse o plano contra Andr\u00f4meda. J\u00fapiter e Lupita ficam presos no elevador. Tom e Maya ficam juntos. V\u00eanus e L\u00e9o se beijam.<\/p>\n<p>L\u00e9o comemora o beijo em V\u00eanus. Tom teme que a rela\u00e7\u00e3o dele com Maya fique mais forte. J\u00fapiter tenta acalmar Lupita no elevador. Luca, Wilson e Chantal convidam Chic\u00e3o para participar de uma campanha para a produtora. Lupita se sensibiliza com os coment\u00e1rios de J\u00fapiter sobre ela. Andr\u00f4meda reclama por Lulu criticar Chic\u00e3o. Lupita volta a pensar em J\u00fapiter. Leda descobre que J\u00fapiter est\u00e1 apaixonado por Lupita. Hans tenta convencer Frida a desistir de falar com Furtado. Guto consola Mila. Electra finge ser amiga de J\u00e9ssica. Paulina volta para casa. V\u00eanus vai com Murilo ao ateli\u00ea de Joana Bastos. L\u00e9o surpreende Otto e o questiona sobre as ex-madrastas de V\u00eanus.<\/p>\n<p>(*) edi\u00e7\u00e3o das novelas da Globo, &#8220;Fam\u00edlia \u00e9 Tudo&#8221;, sujeito a altera\u00e7\u00e3o de data e conte\u00fado.<\/p>\n<p>Sinopse &#8220;Fam\u00edlia \u00e9 Tudo&#8221;: Frida Mancini, dona da gravadora Mancini Music, tem cinco netos e ela sonha reunir novamente o cl\u00e3 &#8211; um desejo que compartilha com V\u00eanus, a mais velha entre os irm\u00e3os. Confiante, Frida organiza um cruzeiro para celebrar seu anivers\u00e1rio e o de sua irm\u00e3 g\u00eamea, Catarina. Mas em meio a rusgas e arma\u00e7\u00f5es, quando os netos n\u00e3o comparecem, ela embarca com a irm\u00e3 e o sobrinho Hans. <\/p>\n<p>Seu sumi\u00e7o durante a viagem \u00e9 o ponto de partida para a com\u00e9dia rom\u00e2ntica. Ao ser dada como morta, Frida surpreende a todos com um testamento. Os netos v\u00e3o encarar uma miss\u00e3o que transformar\u00e1 suas vidas. Ao final de um ano, se o desempenho dos irm\u00e3os n\u00e3o for satisfat\u00f3rio, a heran\u00e7a ser\u00e1 entregue a Hans.<\/p>\n","protected":false},"excerpt":{"rendered":"<p>Resumo da novela &#8220;Fam\u00edlia \u00e9 Tudo&#8221; em 07\/08: no cap\u00edtulo 134(*) da novela, Hans tenta convencer Frida de sua inoc\u00eancia sobre a sabotagem. L\u00e9o diz a V\u00eanus que tem uma ideia para melhorar a imagem do restaurante. Tom pensa na possibilidade de ficar com Maya. Hans implora que Frida n\u00e3o revele a farsa para os [&hellip;]<\/p>\n","protected":false},"author":3,"featured_media":242618,"comment_status":"closed","ping_status":"closed","sticky":false,"template":"","format":"standard","meta":{"tdm_status":"","tdm_grid_status":"","footnotes":""},"categories":[2324,379,375,2025,343],"tags":[441],"class_list":{"0":"post-246486","1":"post","2":"type-post","3":"status-publish","4":"format-standard","5":"has-post-thumbnail","7":"category-familia-e-tudo","8":"category-novelas","9":"category-rede-globo","10":"category-resumo","11":"category-televisao","12":"tag-resumo-do-dia"},"_links":{"self":[{"href":"https:\/\/migracao.redenoticia.com.br\/noticia\/wp-json\/wp\/v2\/posts\/246486","targetHints":{"allow":["GET"]}}],"collection":[{"href":"https:\/\/migracao.redenoticia.com.br\/noticia\/wp-json\/wp\/v2\/posts"}],"about":[{"href":"https:\/\/migracao.redenoticia.com.br\/noticia\/wp-json\/wp\/v2\/types\/post"}],"author":[{"embeddable":true,"href":"https:\/\/migracao.redenoticia.com.br\/noticia\/wp-json\/wp\/v2\/users\/3"}],"replies":[{"embeddable":true,"href":"https:\/\/migracao.redenoticia.com.br\/noticia\/wp-json\/wp\/v2\/comments?post=246486"}],"version-history":[{"count":0,"href":"https:\/\/migracao.redenoticia.com.br\/noticia\/wp-json\/wp\/v2\/posts\/246486\/revisions"}],"wp:featuredmedia":[{"embeddable":true,"href":"https:\/\/migracao.redenoticia.com.br\/noticia\/wp-json\/wp\/v2\/media\/242618"}],"wp:attachment":[{"href":"https:\/\/migracao.redenoticia.com.br\/noticia\/wp-json\/wp\/v2\/media?parent=246486"}],"wp:term":[{"taxonomy":"category","embeddable":true,"href":"https:\/\/migracao.redenoticia.com.br\/noticia\/wp-json\/wp\/v2\/categories?post=246486"},{"taxonomy":"post_tag","embeddable":true,"href":"https:\/\/migracao.redenoticia.com.br\/noticia\/wp-json\/wp\/v2\/tags?post=246486"}],"curies":[{"name":"wp","href":"https:\/\/api.w.org\/{rel}","templated":true}]}}