{"id":24649,"date":"2010-03-17T11:50:30","date_gmt":"2010-03-17T15:50:30","guid":{"rendered":"http:\/\/www.redenoticia.com.br\/noticia\/?p=24649"},"modified":"2010-03-17T11:50:30","modified_gmt":"2010-03-17T15:50:30","slug":"prefeitura-de-ji-parana-ro-convoca-aprovados-em-concurso","status":"publish","type":"post","link":"https:\/\/migracao.redenoticia.com.br\/noticia\/2010\/prefeitura-de-ji-parana-ro-convoca-aprovados-em-concurso\/24649","title":{"rendered":"Prefeitura de Ji-Paran\u00e1 (RO) convoca aprovados em concurso"},"content":{"rendered":"<p><span style=\"font-family: 'Times New Roman'; font-size: small;\">A Secretaria Municipal de Educa\u00e7\u00e3o de <strong>Ji-Paran\u00e1<\/strong> alerta aos aprovados no concurso p\u00fablico Edital 001\/2008, que teve resultado final publicado no Di\u00e1rio Oficial do Munic\u00edpio (DOM) n\u00ba\u00a0322 em 24\/04\/2008, que a Prefeitura est\u00e1 realizando a convoca\u00e7\u00e3o para contrata\u00e7\u00e3o imediata de professor n\u00edvel II, pedagogo, psic\u00f3logo, agente administrativo, zelador e agente de vigil\u00e2ncia. S\u00e3o ao todo 23 profissionais que estar\u00e3o complementado o quadro de servidores da Educa\u00e7\u00e3o.<\/span><\/p>\n<p><span style=\"font-family: 'Times New Roman'; font-size: small;\">O candidatos convocados dever\u00e3o comparecer\u00a0 nos dias \u00fateis do per\u00edodo de 16 de mar\u00e7o a 14 de abril, nos dias de segundas-feiras as quintas-feiras no\u00a0 hor\u00e1rio das 8 \u00e0s 12s e das 14\u00a0 \u00e0s 18 horas,\u00a0 e sextas-feiras das 7h30 \u00e0s 13h30, na Coordenadoria Geral de Recursos Humanos e Aperfei\u00e7oamento da Secretaria Municipal de Administra\u00e7\u00e3o, localizado nas depend\u00eancias do Anexo I da Prefeitura, na Vila Jot\u00e3o, portando documentos conforme rela\u00e7\u00e3o abaixo:<\/span><\/p>\n<p><span style=\"font-family: 'Times New Roman'; font-size: small;\">Carteira de Identidade e c\u00f3pia autenticada;<\/span><\/p>\n<p><span style=\"font-family: 'Times New Roman'; font-size: small;\">Cadastro de Pessoa F\u00edsica e c\u00f3pia autenticada;<\/span><\/p>\n<p><span style=\"font-family: 'Times New Roman'; font-size: small;\">T\u00edtulo de Eleitor e comprovante que votou na \u00faltima elei\u00e7\u00e3o e c\u00f3pias autenticadas;<\/span><\/p>\n<p><span style=\"font-family: 'Times New Roman'; font-size: small;\">Carteira de Trabalho e Previd\u00eancia Social;<\/span><\/p>\n<p><span style=\"font-family: 'Times New Roman'; font-size: small;\">Comprovante de Resid\u00eancia;<\/span><\/p>\n<p><span style=\"font-family: 'Times New Roman'; font-size: small;\">01 foto 3&#215;4 recente;<\/span><\/p>\n<p><span style=\"font-family: 'Times New Roman'; font-size: small;\">Cart\u00e3o de Inscri\u00e7\u00e3o no PIS ou PASEP e c\u00f3pia autenticada;<\/span><\/p>\n<p><span style=\"font-family: 'Times New Roman'; font-size: small;\">Certificado de Reservista ou Certificado de Dispensa de Incorpora\u00e7\u00e3o e c\u00f3pia autenticada;<\/span><\/p>\n<p><span style=\"font-family: 'Times New Roman'; font-size: small;\">Certid\u00e3o de Nascimento ou Certid\u00e3o de Casamento e c\u00f3pia autenticada;<\/span><\/p>\n<p><span style=\"font-family: 'Times New Roman'; font-size: small;\">Carteira Nacional de Habilita\u00e7\u00e3o, apenas para o cargo de Motorista e c\u00f3pia autenticada;<\/span><\/p>\n<p><span style=\"font-family: 'Times New Roman'; font-size: small;\">Comprovante de pagamento de anuidade do conselho e\/ou entidade da classe (exceto Profissionais da \u00e1rea de Educa\u00e7\u00e3o);<\/span><\/p>\n<p><span style=\"font-family: 'Times New Roman'; font-size: small;\">Certificado ou Diploma de Escolaridade e c\u00f3pia autenticada;<\/span><\/p>\n<p><span style=\"font-family: 'Times New Roman'; font-size: small;\">Carteira de Registro Profissional (Conselho ou Classe);<\/span><\/p>\n","protected":false},"excerpt":{"rendered":"<p>A Secretaria Municipal de Educa\u00e7\u00e3o de Ji-Paran\u00e1 alerta aos aprovados no concurso p\u00fablico Edital 001\/2008, que teve resultado final publicado no Di\u00e1rio Oficial do Munic\u00edpio (DOM) n\u00ba\u00a0322 em 24\/04\/2008, que a Prefeitura est\u00e1 realizando a convoca\u00e7\u00e3o para contrata\u00e7\u00e3o imediata de professor n\u00edvel II, pedagogo, psic\u00f3logo, agente administrativo, zelador e agente de vigil\u00e2ncia. S\u00e3o ao todo [&hellip;]<\/p>\n","protected":false},"author":2,"featured_media":0,"comment_status":"open","ping_status":"open","sticky":false,"template":"","format":"standard","meta":{"tdm_status":"","tdm_grid_status":"","footnotes":""},"categories":[22],"tags":[],"class_list":{"0":"post-24649","1":"post","2":"type-post","3":"status-publish","4":"format-standard","6":"category-brasil"},"_links":{"self":[{"href":"https:\/\/migracao.redenoticia.com.br\/noticia\/wp-json\/wp\/v2\/posts\/24649","targetHints":{"allow":["GET"]}}],"collection":[{"href":"https:\/\/migracao.redenoticia.com.br\/noticia\/wp-json\/wp\/v2\/posts"}],"about":[{"href":"https:\/\/migracao.redenoticia.com.br\/noticia\/wp-json\/wp\/v2\/types\/post"}],"author":[{"embeddable":true,"href":"https:\/\/migracao.redenoticia.com.br\/noticia\/wp-json\/wp\/v2\/users\/2"}],"replies":[{"embeddable":true,"href":"https:\/\/migracao.redenoticia.com.br\/noticia\/wp-json\/wp\/v2\/comments?post=24649"}],"version-history":[{"count":0,"href":"https:\/\/migracao.redenoticia.com.br\/noticia\/wp-json\/wp\/v2\/posts\/24649\/revisions"}],"wp:attachment":[{"href":"https:\/\/migracao.redenoticia.com.br\/noticia\/wp-json\/wp\/v2\/media?parent=24649"}],"wp:term":[{"taxonomy":"category","embeddable":true,"href":"https:\/\/migracao.redenoticia.com.br\/noticia\/wp-json\/wp\/v2\/categories?post=24649"},{"taxonomy":"post_tag","embeddable":true,"href":"https:\/\/migracao.redenoticia.com.br\/noticia\/wp-json\/wp\/v2\/tags?post=24649"}],"curies":[{"name":"wp","href":"https:\/\/api.w.org\/{rel}","templated":true}]}}