{"id":246500,"date":"2024-08-07T18:27:58","date_gmt":"2024-08-07T21:27:58","guid":{"rendered":"https:\/\/www.redenoticia.com.br\/noticia\/?p=246500"},"modified":"2024-08-07T18:27:58","modified_gmt":"2024-08-07T21:27:58","slug":"resumo-renascer-08-08-buba-e-jose-augusto-se-casam","status":"publish","type":"post","link":"https:\/\/migracao.redenoticia.com.br\/noticia\/2024\/resumo-renascer-08-08-buba-e-jose-augusto-se-casam\/246500","title":{"rendered":"Resumo &#8220;Renascer&#8221; 08\/08: Buba e Jos\u00e9 Augusto se casam"},"content":{"rendered":"<p> <img loading=\"lazy\" decoding=\"async\" src=\"https:\/\/migracao.redenoticia.com.br\/noticia\/imagens\/renascer-resumo-capitulos-hoje.jpg\" alt=\"\" width=\"1280\" height=\"720\" class=\"aligncenter size-full wp-image-241929\" srcset=\"https:\/\/migracao.redenoticia.com.br\/noticia\/imagens\/renascer-resumo-capitulos-hoje.jpg 1280w, https:\/\/migracao.redenoticia.com.br\/noticia\/imagens\/renascer-resumo-capitulos-hoje-250x140.jpg 250w, https:\/\/migracao.redenoticia.com.br\/noticia\/imagens\/renascer-resumo-capitulos-hoje-400x225.jpg 400w, https:\/\/migracao.redenoticia.com.br\/noticia\/imagens\/renascer-resumo-capitulos-hoje-768x432.jpg 768w, https:\/\/migracao.redenoticia.com.br\/noticia\/imagens\/renascer-resumo-capitulos-hoje-150x85.jpg 150w\" sizes=\"auto, (max-width: 1280px) 100vw, 1280px\" \/><\/p>\n<p><strong><em>Resumo da novela &#8220;Renascer&#8221;<\/em><\/strong> em 08\/08: no cap\u00edtulo 170(*) da novela, Eg\u00eddio intima Eliana a ir com ele ao casamento de Augusto e Buba. Rachid pergunta a Mariana se houve alguma coisa entre Dona Patroa e Norberto durante sua aus\u00eancia. Dami\u00e3o confronta Eg\u00eddio. In\u00e1cia revela a Jos\u00e9 Inoc\u00eancio que n\u00e3o acredita em Eg\u00eddio. Jos\u00e9 Inoc\u00eancio confessa a Aurora temer que o acordo de paz promovido por Eg\u00eddio seja mais uma tocaia contra ele. Dami\u00e3o avisa a Eg\u00eddio que n\u00e3o far\u00e1 nada contra a fam\u00edlia de Jos\u00e9 Inoc\u00eancio. Eliana conta a Eg\u00eddio que est\u00e1 gr\u00e1vida. As amigas de Buba, Jana\u00edna, Natasha, Jorge\/Jana\u00edna chegam \u00e0 fazenda para o casamento. As tr\u00eas tinham a miss\u00e3o de trazer o vestido de noiva, que fica esquecido no aeroporto. Buba fica arrasada e avisa que vai suspender o cas\u00f3rio. Augusto decide ir at\u00e9 Ilh\u00e9us tentar recuperar o vestido. Buba n\u00e3o acredita ao se deparar com Meire e Humberto na fazenda de Inoc\u00eancio.<\/p>\n<p>Buba experimenta o vestido de noiva que foi usado pela av\u00f3, trazido especialmente pela m\u00e3e. A pe\u00e7a fica perfeita e a psic\u00f3loga se emociona. Humberto e Buba conversam na v\u00e9spera do casamento e ele confessa que n\u00e3o quer levar a filha at\u00e9 o altar porque sente vergonha de si pr\u00f3prio. Humberto pede perd\u00e3o a Buba. Jos\u00e9 Inoc\u00eancio e os filhos deixam claro que n\u00e3o aprovam a presen\u00e7a de Eg\u00eddio e Eliana no casamento de Augusto e Buba. Augusto se recusa a aceitar o presente de Eg\u00eddio, que chega \u00e0 cerim\u00f4nia trazendo um cavalo de presente para o m\u00e9dico. Mar\u00e7al amea\u00e7a atirar contra Ti\u00e3o e os trabalhadores, caso o grupo n\u00e3o deixe as terras de Eg\u00eddio. Pitoco consegue convencer Ti\u00e3o a se retirar da ro\u00e7a, depois que Mar\u00e7al os rende. Ti\u00e3o decide acampar nas ro\u00e7as de Eg\u00eddio. Buba e Jos\u00e9 Augusto se casam.<\/p>\n<p>(*) edi\u00e7\u00e3o das novelas da Globo, &#8220;Renascer&#8221;, sujeito a altera\u00e7\u00e3o de data e conte\u00fado.<\/p>\n<p>Sinopse &#8220;Renascer&#8221;: Jos\u00e9 Inoc\u00eancio chegou na zona cacaueira de Ilh\u00e9us, na Bahia, e fincou um fac\u00e3o aos p\u00e9s de um frondoso jequitib\u00e1. Este gesto passa a ser o s\u00edmbolo de sua coragem e do sonho de se tornar eterno. Apaixona-se ap\u00f3s o boi-bumb\u00e1 passar por sua fazenda, casa-se com Maria Santa e torna-se pai de quatro filhos: Jos\u00e9 Augusto, Jos\u00e9 Bento, Jos\u00e9 Ven\u00e2ncio e Jo\u00e3o Pedro, o ca\u00e7ula, cujo nascimento \u00e9 acompanhado da morte da m\u00e3e, por complica\u00e7\u00f5es durante o parto.<\/p>\n<p>O fato faz com que Z\u00e9 Inoc\u00eancio desenvolva um relacionamento de \u00f3dio com o filho. Essa desaven\u00e7a \u00e9 que conduz todas as tramas da hist\u00f3ria. Elas se aceleram quando Inoc\u00eancio, j\u00e1 cinquent\u00e3o, conquista e casa-se com a namorada de Jo\u00e3o Pedro, a jovem Mariana. Esta \u00e9 neta do seu maior desafeto no passado, Belarmino, assassinado de forma misteriosa, com as suspeitas recaindo sobre o pr\u00f3prio Inoc\u00eancio. <\/p>\n","protected":false},"excerpt":{"rendered":"<p>Resumo da novela &#8220;Renascer&#8221; em 08\/08: no cap\u00edtulo 170(*) da novela, Eg\u00eddio intima Eliana a ir com ele ao casamento de Augusto e Buba. Rachid pergunta a Mariana se houve alguma coisa entre Dona Patroa e Norberto durante sua aus\u00eancia. Dami\u00e3o confronta Eg\u00eddio. In\u00e1cia revela a Jos\u00e9 Inoc\u00eancio que n\u00e3o acredita em Eg\u00eddio. Jos\u00e9 Inoc\u00eancio [&hellip;]<\/p>\n","protected":false},"author":2,"featured_media":241527,"comment_status":"closed","ping_status":"closed","sticky":false,"template":"","format":"standard","meta":{"tdm_status":"","tdm_grid_status":"","footnotes":""},"categories":[379,375,2323,2025,343],"tags":[441],"class_list":{"0":"post-246500","1":"post","2":"type-post","3":"status-publish","4":"format-standard","5":"has-post-thumbnail","7":"category-novelas","8":"category-rede-globo","9":"category-renascer","10":"category-resumo","11":"category-televisao","12":"tag-resumo-do-dia"},"_links":{"self":[{"href":"https:\/\/migracao.redenoticia.com.br\/noticia\/wp-json\/wp\/v2\/posts\/246500","targetHints":{"allow":["GET"]}}],"collection":[{"href":"https:\/\/migracao.redenoticia.com.br\/noticia\/wp-json\/wp\/v2\/posts"}],"about":[{"href":"https:\/\/migracao.redenoticia.com.br\/noticia\/wp-json\/wp\/v2\/types\/post"}],"author":[{"embeddable":true,"href":"https:\/\/migracao.redenoticia.com.br\/noticia\/wp-json\/wp\/v2\/users\/2"}],"replies":[{"embeddable":true,"href":"https:\/\/migracao.redenoticia.com.br\/noticia\/wp-json\/wp\/v2\/comments?post=246500"}],"version-history":[{"count":0,"href":"https:\/\/migracao.redenoticia.com.br\/noticia\/wp-json\/wp\/v2\/posts\/246500\/revisions"}],"wp:featuredmedia":[{"embeddable":true,"href":"https:\/\/migracao.redenoticia.com.br\/noticia\/wp-json\/wp\/v2\/media\/241527"}],"wp:attachment":[{"href":"https:\/\/migracao.redenoticia.com.br\/noticia\/wp-json\/wp\/v2\/media?parent=246500"}],"wp:term":[{"taxonomy":"category","embeddable":true,"href":"https:\/\/migracao.redenoticia.com.br\/noticia\/wp-json\/wp\/v2\/categories?post=246500"},{"taxonomy":"post_tag","embeddable":true,"href":"https:\/\/migracao.redenoticia.com.br\/noticia\/wp-json\/wp\/v2\/tags?post=246500"}],"curies":[{"name":"wp","href":"https:\/\/api.w.org\/{rel}","templated":true}]}}