{"id":246506,"date":"2024-08-07T18:24:17","date_gmt":"2024-08-07T21:24:17","guid":{"rendered":"https:\/\/www.redenoticia.com.br\/noticia\/?p=246506"},"modified":"2024-08-07T18:24:17","modified_gmt":"2024-08-07T21:24:17","slug":"resumo-alma-gemea-08-08-serena-fala-para-agnes-que-ja-sabe-sobre-o-segredo","status":"publish","type":"post","link":"https:\/\/migracao.redenoticia.com.br\/noticia\/2024\/resumo-alma-gemea-08-08-serena-fala-para-agnes-que-ja-sabe-sobre-o-segredo\/246506","title":{"rendered":"Resumo &#8220;Alma G\u00eamea&#8221; 08\/08: Serena fala para Agnes que j\u00e1 sabe sobre o segredo"},"content":{"rendered":"<p> <img loading=\"lazy\" decoding=\"async\" src=\"https:\/\/migracao.redenoticia.com.br\/noticia\/imagens\/resumo-alma-gemea-logo-novela.jpg\" alt=\"\" width=\"1280\" height=\"720\" class=\"aligncenter size-full wp-image-244166\" srcset=\"https:\/\/migracao.redenoticia.com.br\/noticia\/imagens\/resumo-alma-gemea-logo-novela.jpg 1280w, https:\/\/migracao.redenoticia.com.br\/noticia\/imagens\/resumo-alma-gemea-logo-novela-250x140.jpg 250w, https:\/\/migracao.redenoticia.com.br\/noticia\/imagens\/resumo-alma-gemea-logo-novela-400x225.jpg 400w, https:\/\/migracao.redenoticia.com.br\/noticia\/imagens\/resumo-alma-gemea-logo-novela-768x432.jpg 768w, https:\/\/migracao.redenoticia.com.br\/noticia\/imagens\/resumo-alma-gemea-logo-novela-150x85.jpg 150w\" sizes=\"auto, (max-width: 1280px) 100vw, 1280px\" \/><\/p>\n<p><em><strong>Resumo da novela &#8220;Alma G\u00eamea&#8221;<\/strong><\/em> em 08\/08: no cap\u00edtulo 071(*) da novela, Vit\u00f3rio pede Ol\u00edvia em casamento. Serena faz outra sess\u00e3o com Julian e se lembra do segredo que Luna dividia com Agnes. Serena conta para Julian que um namorado de Agnes tentou se aproximar Luna. Ol\u00edvia aceita o pedido de Vit\u00f3rio. Divina descobre que Vit\u00f3rio planeja se casar com Ol\u00edvia e pretende acabar com o namoro dos dois. Ol\u00edvia pergunta a Mirella e Carlito o que acham de ela se casar de novo. Mirella fica satisfeita, mas Carlito jamais permitir\u00e1 isso. Roberval fala para Dalila que n\u00e3o vai aceitar dinheiro de Raul. Raul pede ajuda ao advogado Ermelino para tomar o restaurante de Ol\u00edvia. <\/p>\n<p>Ciro conta para Rafael que encontrou ind\u00edcios de que Cristina fez diversos pagamentos a Guto. K\u00e1tia pega dinheiro com Cristina para pagar os rem\u00e9dios de Ritinha. Cristina faz K\u00e1tia prometer que vai separar Felipe de Mirella. Raul d\u00e1 um emprego a Terezinha, mas em troca pede que lhe conte tudo que acontece na pens\u00e3o. Ciro aconselha Rafael a n\u00e3o se casar com Cristina. Rafael procura Serena, mas ela n\u00e3o quer se magoar mais. Mirella pede a Felipe para ficar longe de K\u00e1tia. Serena fala para Agnes que j\u00e1 sabe de tudo. Rafael leva Cristina a S\u00e3o Paulo para fazer o exame de gravidez.<\/p>\n<p>(*) edi\u00e7\u00e3o das novelas da Globo, &#8220;Alma G\u00eamea&#8221;, sujeito a altera\u00e7\u00e3o de data e conte\u00fado.<\/p>\n<p>Sinopse &#8220;Alma G\u00eamea&#8221;: Rafael e Luna casam-se e t\u00eam um filho, mas a felicidade \u00e9 invejada por Cristina. Em um passeio, Rafael reage a um assalto e um dos ladr\u00f5es, que \u00e9 conhecido de Cristina, atira. Luna morre. Enquanto Rafael se desespera com a perda de Luna, em um lugar bem distante dali, nasce a menina Serena, filha de uma \u00edndia com um garimpeiro. Ela cresce em uma aldeia ind\u00edgena e tem vis\u00f5es. <\/p>\n<p>Vinte anos se passam da morte de Luna. Serena consegue trabalho como empregada na mans\u00e3o de Rafael. Serena tem em seu corpo uma marca de nascen\u00e7a, no mesmo lugar em que Luna levou o tiro. A trama segue envolta em mist\u00e9rios e marcada por fatos inexplic\u00e1veis. Rafael passa a acreditar que Serena \u00e9 de fato a reencarna\u00e7\u00e3o de Luna, se apaixona por ela e a pede em casamento. Cristina e sua m\u00e3e D\u00e9bora percebem que Serena representa uma amea\u00e7a, e a novela segue com as duas tramando de tudo para separar os dois.<\/p>\n","protected":false},"excerpt":{"rendered":"<p>Resumo da novela &#8220;Alma G\u00eamea&#8221; em 08\/08: no cap\u00edtulo 071(*) da novela, Vit\u00f3rio pede Ol\u00edvia em casamento. Serena faz outra sess\u00e3o com Julian e se lembra do segredo que Luna dividia com Agnes. Serena conta para Julian que um namorado de Agnes tentou se aproximar Luna. Ol\u00edvia aceita o pedido de Vit\u00f3rio. Divina descobre que [&hellip;]<\/p>\n","protected":false},"author":5,"featured_media":244165,"comment_status":"closed","ping_status":"closed","sticky":false,"template":"","format":"standard","meta":{"tdm_status":"","tdm_grid_status":"","footnotes":""},"categories":[2328,379,375,2025,343],"tags":[441],"class_list":{"0":"post-246506","1":"post","2":"type-post","3":"status-publish","4":"format-standard","5":"has-post-thumbnail","7":"category-alma-gemea","8":"category-novelas","9":"category-rede-globo","10":"category-resumo","11":"category-televisao","12":"tag-resumo-do-dia"},"_links":{"self":[{"href":"https:\/\/migracao.redenoticia.com.br\/noticia\/wp-json\/wp\/v2\/posts\/246506","targetHints":{"allow":["GET"]}}],"collection":[{"href":"https:\/\/migracao.redenoticia.com.br\/noticia\/wp-json\/wp\/v2\/posts"}],"about":[{"href":"https:\/\/migracao.redenoticia.com.br\/noticia\/wp-json\/wp\/v2\/types\/post"}],"author":[{"embeddable":true,"href":"https:\/\/migracao.redenoticia.com.br\/noticia\/wp-json\/wp\/v2\/users\/5"}],"replies":[{"embeddable":true,"href":"https:\/\/migracao.redenoticia.com.br\/noticia\/wp-json\/wp\/v2\/comments?post=246506"}],"version-history":[{"count":0,"href":"https:\/\/migracao.redenoticia.com.br\/noticia\/wp-json\/wp\/v2\/posts\/246506\/revisions"}],"wp:featuredmedia":[{"embeddable":true,"href":"https:\/\/migracao.redenoticia.com.br\/noticia\/wp-json\/wp\/v2\/media\/244165"}],"wp:attachment":[{"href":"https:\/\/migracao.redenoticia.com.br\/noticia\/wp-json\/wp\/v2\/media?parent=246506"}],"wp:term":[{"taxonomy":"category","embeddable":true,"href":"https:\/\/migracao.redenoticia.com.br\/noticia\/wp-json\/wp\/v2\/categories?post=246506"},{"taxonomy":"post_tag","embeddable":true,"href":"https:\/\/migracao.redenoticia.com.br\/noticia\/wp-json\/wp\/v2\/tags?post=246506"}],"curies":[{"name":"wp","href":"https:\/\/api.w.org\/{rel}","templated":true}]}}