{"id":24658,"date":"2010-03-17T15:10:33","date_gmt":"2010-03-17T19:10:33","guid":{"rendered":"http:\/\/www.redenoticia.com.br\/noticia\/?p=24658"},"modified":"2010-03-17T15:11:26","modified_gmt":"2010-03-17T19:11:26","slug":"carnabeirao-movimenta-economia-e-turismo-e-divulga-ribeirao-preto-para-o-brasil","status":"publish","type":"post","link":"https:\/\/migracao.redenoticia.com.br\/noticia\/2010\/carnabeirao-movimenta-economia-e-turismo-e-divulga-ribeirao-preto-para-o-brasil\/24658","title":{"rendered":"Carnabeir\u00e3o movimenta economia e turismo e divulga Ribeir\u00e3o Preto para o Brasil"},"content":{"rendered":"<p><em>Per\u00edodo do evento \u00e9 um dos mais importantes para a rede hoteleira da cidade. N\u00famero de empregos diretos chega a 2 mil. Estimativa \u00e9 que evento \u201cinjete\u201d mais de R$ 10 milh\u00f5es na economia local.<\/em><\/p>\n<p>Considerada a maior micareta do estado de S\u00e3o Paulo e uma das cinco maiores do pa\u00eds, o Carnabeir\u00e3o, al\u00e9m de levar os mais importantes nomes do ax\u00e9 para Ribeir\u00e3o Preto levando o nome da cidade para todo pa\u00eds, tamb\u00e9m aquece a economia do munic\u00edpio. Respons\u00e1vel por cerca de 2 mil empregos diretos e 4 mil indiretos no per\u00edodo o evento tamb\u00e9m movimenta setores como hoteleiro, transporte, alimenta\u00e7\u00e3o, lazer e servi\u00e7os.<\/p>\n<p>O economista Jos\u00e9 Rita Moreira, do Instituto de Pesquisa e Tecnologia de Ribeir\u00e3o Preto, estima que mais de R$ 10 milh\u00f5es ser\u00e3o \u201cinjetados\u201d na economia local por conta do Carnabeir\u00e3o. Segundo Moreira, neste ano considerando o ambiente econ\u00f4mico mais favor\u00e1vel o sucesso e a movimenta\u00e7\u00e3o econ\u00f4mica pode ser ainda maior do que nos anos anteriores.<\/p>\n<p>A rede hoteleira \u00e9 uma das mais \u201catingidas\u201d pelo evento. De acordo com o presidente do Sindicato dos Hot\u00e9is, Restaurantes, Bares e Similares de Ribeir\u00e3o, Carlos Frederico Marques, a m\u00e9dia de ocupa\u00e7\u00e3o dos 50 hot\u00e9is da cidade chega a 70% no per\u00edodo do Carnabeir\u00e3o, enquanto na maioria do ano este \u00edndice n\u00e3o passa de 45%. \u201c\u00c9 um momento muito importante para os hot\u00e9is e que reflete diretamente tamb\u00e9m em todo com\u00e9rcio\u201d, explica Carlos.<\/p>\n<p>De acordo com Lian Chen, diretor do Taiwan Hotel, o Carnabeir\u00e3o \u00e9 um dos principais per\u00edodos para a rede hoteleira de Ribeir\u00e3o Preto. \u201cEm termos de entretenimento o Carnabeir\u00e3o \u00e9 o evento que mais movimenta a rede hoteleira da cidade\u201d, explica Chen. O Taiwan Hotel est\u00e1 com seus 80 apartamentos j\u00e1 reservados para a data h\u00e1 dois meses. Outros hot\u00e9is, como o Arauc\u00e1ria, possuem vagas mas a movimenta\u00e7\u00e3o j\u00e1 \u00e9 grande: \u201cNas pr\u00f3ximas duas semanas acreditamos que nossas vagas j\u00e1 ser\u00e3o preenchidas. Em todas as edi\u00e7\u00f5es do\u00a0Carnabeir\u00e3o trabalhamos com 100% de ocupa\u00e7\u00e3o\u201d, explica Aur\u00e9lio Andriolo Neto coordenador comercial do Arauc\u00e1ria Plaza.<\/p>\n<p>Outro setor bastante \u201caquecido\u201d \u00e9 o de transportes. No per\u00edodo do evento, todos os 50 carros e motoristas da empresa Santa Cruz R\u00e1dio T\u00e1xi trabalham exclusivamente com o Carnabeir\u00e3o. \u201cEste \u00e9 um dos per\u00edodos mais importantes e rent\u00e1veis do ano para os taxistas. Trabalhamos 24 horas revezando turnos somente atendendo\u00a0a demanda do\u00a0Carnabeir\u00e3o.\u00a0S\u00e3o pessoas que est\u00e3o indo e voltando do evento\u00a0e tamb\u00e9m\u00a0turistas que vieram para a micareta e aproveitam para conhecer e passear pela cidade\u201d, explica Edson da Silva Gomes, gerente operacional da empresa.\u00a0\u00a0J\u00e1 no setor de alimenta\u00e7\u00e3o e com\u00e9rcio o impacto tamb\u00e9m \u00e9 grande. \u201cNosso movimento aumenta 100% na \u00e9poca do Carnabeir\u00e3o o que \u00e9 \u00f3timo para o nosso com\u00e9rcio\u201d, diz Rozelaine Gui, gerente do Kleb\u00e3o Lanches.<\/p>\n<p>Por sua import\u00e2ncia para o turismo e a economia da regi\u00e3o, o Carnabeir\u00e3o faz parte do calend\u00e1rio oficial do Estado de S\u00e3o Paulo e da cidade de Ribeir\u00e3o Preto. \u201cO Carnabeir\u00e3o \u00e9 hoje um dos principais eventos da cidade, trazendo diversos benef\u00edcios como gera\u00e7\u00e3o de empregos. Por isso, a secretaria do turismo ap\u00f3ia institucionalmente a micareta\u201d, diz o Secret\u00e1rio de Turismo de Ribeir\u00e3o Preto Humberto Pereira Lima.<\/p>\n<p><strong>Programa\u00e7\u00e3o<\/strong><\/p>\n<p>Cinco grandes bandas de ax\u00e9 est\u00e3o na programa\u00e7\u00e3o do Carnabeir\u00e3o deste ano que tamb\u00e9m receber\u00e1 artistas regionais. Na sexta-feira, dia 09, o evento recebe pela primeira vez\u00a0<strong>Jammil e Uma Noites<\/strong> e\u00a0<strong>Tomate<\/strong> \u201cpuxando\u201d os foli\u00f5es no trio el\u00e9trico. Tamb\u00e9m na sexta se apresenta a dupla sertaneja\u00a0<strong>Tom &amp; Arnaldo<\/strong>. No s\u00e1bado, dia 10, \u00e9 a vez de\u00a0<strong>Banda Eva<\/strong> e\u00a0<strong>Chiclete com Banana<\/strong>, al\u00e9m de Jana Lima. NO domingo, dia 11, sobem nos potentes trios el\u00e9tricos:\u00a0<strong>Chiclete com Banana<\/strong>,\u00a0<strong>Ivete Sangalo<\/strong> e\u00a0<strong>Jo\u00e3o Lucas &amp; Matheus<\/strong>.<\/p>\n","protected":false},"excerpt":{"rendered":"<p>Per\u00edodo do evento \u00e9 um dos mais importantes para a rede hoteleira da cidade. N\u00famero de empregos diretos chega a 2 mil. Estimativa \u00e9 que evento \u201cinjete\u201d mais de R$ 10 milh\u00f5es na economia local. Considerada a maior micareta do estado de S\u00e3o Paulo e uma das cinco maiores do pa\u00eds, o Carnabeir\u00e3o, al\u00e9m de [&hellip;]<\/p>\n","protected":false},"author":2,"featured_media":0,"comment_status":"open","ping_status":"open","sticky":false,"template":"","format":"standard","meta":{"tdm_status":"","tdm_grid_status":"","footnotes":""},"categories":[22],"tags":[],"class_list":{"0":"post-24658","1":"post","2":"type-post","3":"status-publish","4":"format-standard","6":"category-brasil"},"_links":{"self":[{"href":"https:\/\/migracao.redenoticia.com.br\/noticia\/wp-json\/wp\/v2\/posts\/24658","targetHints":{"allow":["GET"]}}],"collection":[{"href":"https:\/\/migracao.redenoticia.com.br\/noticia\/wp-json\/wp\/v2\/posts"}],"about":[{"href":"https:\/\/migracao.redenoticia.com.br\/noticia\/wp-json\/wp\/v2\/types\/post"}],"author":[{"embeddable":true,"href":"https:\/\/migracao.redenoticia.com.br\/noticia\/wp-json\/wp\/v2\/users\/2"}],"replies":[{"embeddable":true,"href":"https:\/\/migracao.redenoticia.com.br\/noticia\/wp-json\/wp\/v2\/comments?post=24658"}],"version-history":[{"count":0,"href":"https:\/\/migracao.redenoticia.com.br\/noticia\/wp-json\/wp\/v2\/posts\/24658\/revisions"}],"wp:attachment":[{"href":"https:\/\/migracao.redenoticia.com.br\/noticia\/wp-json\/wp\/v2\/media?parent=24658"}],"wp:term":[{"taxonomy":"category","embeddable":true,"href":"https:\/\/migracao.redenoticia.com.br\/noticia\/wp-json\/wp\/v2\/categories?post=24658"},{"taxonomy":"post_tag","embeddable":true,"href":"https:\/\/migracao.redenoticia.com.br\/noticia\/wp-json\/wp\/v2\/tags?post=24658"}],"curies":[{"name":"wp","href":"https:\/\/api.w.org\/{rel}","templated":true}]}}