{"id":246587,"date":"2024-08-11T19:37:29","date_gmt":"2024-08-11T22:37:29","guid":{"rendered":"https:\/\/www.redenoticia.com.br\/noticia\/?p=246587"},"modified":"2024-08-11T19:37:29","modified_gmt":"2024-08-11T22:37:29","slug":"resumo-alma-gemea-12-08-rafael-leva-cristina-para-fazer-o-exame","status":"publish","type":"post","link":"https:\/\/migracao.redenoticia.com.br\/noticia\/2024\/resumo-alma-gemea-12-08-rafael-leva-cristina-para-fazer-o-exame\/246587","title":{"rendered":"Resumo &#8220;Alma G\u00eamea&#8221; 12\/08: Rafael leva Cristina para fazer o exame"},"content":{"rendered":"<p> <img loading=\"lazy\" decoding=\"async\" src=\"https:\/\/migracao.redenoticia.com.br\/noticia\/imagens\/resumo-alma-gemea-logo-novela.jpg\" alt=\"\" width=\"1280\" height=\"720\" class=\"aligncenter size-full wp-image-244166\" srcset=\"https:\/\/migracao.redenoticia.com.br\/noticia\/imagens\/resumo-alma-gemea-logo-novela.jpg 1280w, https:\/\/migracao.redenoticia.com.br\/noticia\/imagens\/resumo-alma-gemea-logo-novela-250x140.jpg 250w, https:\/\/migracao.redenoticia.com.br\/noticia\/imagens\/resumo-alma-gemea-logo-novela-400x225.jpg 400w, https:\/\/migracao.redenoticia.com.br\/noticia\/imagens\/resumo-alma-gemea-logo-novela-768x432.jpg 768w, https:\/\/migracao.redenoticia.com.br\/noticia\/imagens\/resumo-alma-gemea-logo-novela-150x85.jpg 150w\" sizes=\"auto, (max-width: 1280px) 100vw, 1280px\" \/><\/p>\n<p><em><strong>Resumo da novela &#8220;Alma G\u00eamea&#8221;<\/strong><\/em> em 12\/08: no cap\u00edtulo 072(*) da novela, Rafael leva Cristina a S\u00e3o Paulo para fazer o exame de gravidez. Cristina concorda com Rafael em fazer o exame de gravidez. Serena fala para Agnes que sabe que ela namorou um homem que se interessou por Luna. Agnes admite que se sente culpada pelo sofrimento pelo qual Luna passou. Serena garante a Agnes que Luna a perdoou. Agnes chama Serena de filha e se abra\u00e7am. Agnes pede que Serena se mude para sua casa. Serena deixa claro que n\u00e3o quer o dinheiro de Agnes, apenas o seu amor. Guto decide fugir da cadeia, quando Ermelino garante que ele jamais ser\u00e1 inocentado por ter atacado Ciro. Cristina conta para D\u00e9bora que jamais passou uma noite com Rafael e, portanto, n\u00e3o est\u00e1 gr\u00e1vida. Ermelino aconselha Raul a convencer o juiz de que quer se reconciliar com Ol\u00edvia. Mirna tenta impedir Vit\u00f3rio de cozinhar as galinhas que est\u00e3o no restaurante, com pena das aves. Of\u00e9lia v\u00ea K\u00e1tia abra\u00e7ando Felipe. D\u00e9bora d\u00e1 dinheiro a Dalila e pede que v\u00e1 a S\u00e3o Paulo fazer o exame de gravidez em nome de Cristina.<\/p>\n<p>Dalila aceita a proposta de D\u00e9bora. Felipe se desvencilha de K\u00e1tia, mas fica perturbado pela beleza dela. Ol\u00edvia deixa Mirna levar uma das galinhas. Vera pede que Eduardo permita que Julian tente ajudar Alexandra mais uma vez. Rafael aconselha Felipe a n\u00e3o correr o risco de perder Mirella. Raul marca uma audi\u00eancia de reconcilia\u00e7\u00e3o com o juiz. Vit\u00f3rio expulsa Raul do restaurante. Agnes pede que Rafael volte para Serena. Rafael explica que n\u00e3o poder\u00e1 abandonar Cristina se ela estiver mesmo gr\u00e1vida. Julian faz com que a voz se afaste de Alexandra durante alguns momentos e diz para Eduardo que ela tem salva\u00e7\u00e3o. Eduardo permite que continue o tratamento. Of\u00e9lia manda Mirella ter cuidado com Felipe. D\u00e9bora leva Dalila para fazer o exame e diz para a enfermeira que \u00e9 Cristina. Rafael leva Cristina para fazer o exame. <\/p>\n<p>(*) edi\u00e7\u00e3o das novelas da Globo, &#8220;Alma G\u00eamea&#8221;, sujeito a altera\u00e7\u00e3o de data e conte\u00fado.<\/p>\n<p>Sinopse &#8220;Alma G\u00eamea&#8221;: Rafael e Luna casam-se e t\u00eam um filho, mas a felicidade \u00e9 invejada por Cristina. Em um passeio, Rafael reage a um assalto e um dos ladr\u00f5es, que \u00e9 conhecido de Cristina, atira. Luna morre. Enquanto Rafael se desespera com a perda de Luna, em um lugar bem distante dali, nasce a menina Serena, filha de uma \u00edndia com um garimpeiro. Ela cresce em uma aldeia ind\u00edgena e tem vis\u00f5es. <\/p>\n<p>Vinte anos se passam da morte de Luna. Serena consegue trabalho como empregada na mans\u00e3o de Rafael. Serena tem em seu corpo uma marca de nascen\u00e7a, no mesmo lugar em que Luna levou o tiro. A trama segue envolta em mist\u00e9rios e marcada por fatos inexplic\u00e1veis. Rafael passa a acreditar que Serena \u00e9 de fato a reencarna\u00e7\u00e3o de Luna, se apaixona por ela e a pede em casamento. Cristina e sua m\u00e3e D\u00e9bora percebem que Serena representa uma amea\u00e7a, e a novela segue com as duas tramando de tudo para separar os dois.<\/p>\n","protected":false},"excerpt":{"rendered":"<p>Resumo da novela &#8220;Alma G\u00eamea&#8221; em 12\/08: no cap\u00edtulo 072(*) da novela, Rafael leva Cristina a S\u00e3o Paulo para fazer o exame de gravidez. Cristina concorda com Rafael em fazer o exame de gravidez. Serena fala para Agnes que sabe que ela namorou um homem que se interessou por Luna. Agnes admite que se sente [&hellip;]<\/p>\n","protected":false},"author":5,"featured_media":244165,"comment_status":"closed","ping_status":"closed","sticky":false,"template":"","format":"standard","meta":{"tdm_status":"","tdm_grid_status":"","footnotes":""},"categories":[2328,379,375,2025,343],"tags":[441],"class_list":{"0":"post-246587","1":"post","2":"type-post","3":"status-publish","4":"format-standard","5":"has-post-thumbnail","7":"category-alma-gemea","8":"category-novelas","9":"category-rede-globo","10":"category-resumo","11":"category-televisao","12":"tag-resumo-do-dia"},"_links":{"self":[{"href":"https:\/\/migracao.redenoticia.com.br\/noticia\/wp-json\/wp\/v2\/posts\/246587","targetHints":{"allow":["GET"]}}],"collection":[{"href":"https:\/\/migracao.redenoticia.com.br\/noticia\/wp-json\/wp\/v2\/posts"}],"about":[{"href":"https:\/\/migracao.redenoticia.com.br\/noticia\/wp-json\/wp\/v2\/types\/post"}],"author":[{"embeddable":true,"href":"https:\/\/migracao.redenoticia.com.br\/noticia\/wp-json\/wp\/v2\/users\/5"}],"replies":[{"embeddable":true,"href":"https:\/\/migracao.redenoticia.com.br\/noticia\/wp-json\/wp\/v2\/comments?post=246587"}],"version-history":[{"count":0,"href":"https:\/\/migracao.redenoticia.com.br\/noticia\/wp-json\/wp\/v2\/posts\/246587\/revisions"}],"wp:featuredmedia":[{"embeddable":true,"href":"https:\/\/migracao.redenoticia.com.br\/noticia\/wp-json\/wp\/v2\/media\/244165"}],"wp:attachment":[{"href":"https:\/\/migracao.redenoticia.com.br\/noticia\/wp-json\/wp\/v2\/media?parent=246587"}],"wp:term":[{"taxonomy":"category","embeddable":true,"href":"https:\/\/migracao.redenoticia.com.br\/noticia\/wp-json\/wp\/v2\/categories?post=246587"},{"taxonomy":"post_tag","embeddable":true,"href":"https:\/\/migracao.redenoticia.com.br\/noticia\/wp-json\/wp\/v2\/tags?post=246587"}],"curies":[{"name":"wp","href":"https:\/\/api.w.org\/{rel}","templated":true}]}}