{"id":246604,"date":"2024-08-12T13:29:35","date_gmt":"2024-08-12T16:29:35","guid":{"rendered":"https:\/\/www.redenoticia.com.br\/noticia\/?p=246604"},"modified":"2024-08-12T13:29:35","modified_gmt":"2024-08-12T16:29:35","slug":"resumo-alma-gemea-13-08-luna-diz-a-serena-que-quer-lhe-dar-um-aviso","status":"publish","type":"post","link":"https:\/\/migracao.redenoticia.com.br\/noticia\/2024\/resumo-alma-gemea-13-08-luna-diz-a-serena-que-quer-lhe-dar-um-aviso\/246604","title":{"rendered":"Resumo &#8220;Alma G\u00eamea&#8221; 13\/08: Luna diz a Serena que quer lhe dar um aviso"},"content":{"rendered":"<p> <img loading=\"lazy\" decoding=\"async\" src=\"https:\/\/migracao.redenoticia.com.br\/noticia\/imagens\/resumo-alma-gemea-logo-novela.jpg\" alt=\"\" width=\"1280\" height=\"720\" class=\"aligncenter size-full wp-image-244166\" srcset=\"https:\/\/migracao.redenoticia.com.br\/noticia\/imagens\/resumo-alma-gemea-logo-novela.jpg 1280w, https:\/\/migracao.redenoticia.com.br\/noticia\/imagens\/resumo-alma-gemea-logo-novela-250x140.jpg 250w, https:\/\/migracao.redenoticia.com.br\/noticia\/imagens\/resumo-alma-gemea-logo-novela-400x225.jpg 400w, https:\/\/migracao.redenoticia.com.br\/noticia\/imagens\/resumo-alma-gemea-logo-novela-768x432.jpg 768w, https:\/\/migracao.redenoticia.com.br\/noticia\/imagens\/resumo-alma-gemea-logo-novela-150x85.jpg 150w\" sizes=\"auto, (max-width: 1280px) 100vw, 1280px\" \/><\/p>\n<p><em><strong>Resumo da novela &#8220;Alma G\u00eamea&#8221;<\/strong><\/em> em 13\/08: no cap\u00edtulo 073(*) da novela, Cristina garante a Rafael que deixar\u00e1 de desconfiar dela depois do resultado do exame. Mirella fica chocada com o conselho de Of\u00e9lia. Julian explica a Eduardo que precisar\u00e1 de tempo para afastar a voz que Alexandra ouve. Vera pede a Eduardo para confiar em Julian. Ermelino avisa Ol\u00edvia que o juiz a achar\u00e1 uma irrespons\u00e1vel se n\u00e3o aceitar Raul de volta. Vit\u00f3rio expulsa Ermelino da casa de Ol\u00edvia. Dalila questiona sua ajuda a D\u00e9bora. Ab\u00edlio fala para Ol\u00edvia que ela precisa tomar cuidado para n\u00e3o causar m\u00e1 impress\u00e3o ao juiz ou poder\u00e1 perder o restaurante e, at\u00e9 mesmo, a guarda dos filhos. Felipe compra rosas para Mirella. K\u00e1tia pede uma rosa a Felipe. Serena pergunta se Felipe n\u00e3o tem vergonha. Roberval pergunta onde Dalila conseguiu dinheiro. Guto exige que Cristina lhe d\u00ea dinheiro para fugir da cadeia e amea\u00e7a contar tudo o que sabe. Cristina se recusa a dar dinheiro a Guto.<\/p>\n<p>Guto percebe que Cristina est\u00e1 querendo se livrar dele e jura se vingar. Serena aconselha Felipe a n\u00e3o estragar seu namoro com Mirella. K\u00e1tia pede a Raul um emprego na loja de flores, mas ele nega. Dalila fala para Roberval que D\u00e9bora lhe deu o dinheiro de presente. Ciro comenta com Agnes que acha estranho que as j\u00f3ias que foram roubadas de Luna jamais terem sido vendidas. Guto pede que Xavier ajude-o a fugir da cadeia, com a promessa de que roubar\u00e3o as j\u00f3ias de Luna e viver\u00e3o longe dali. Agnes pede a Julian para ajudar Serena a se lembrar do momento de sua morte, pois assim descobrir\u00e3o quem \u00e9 o assassino de Luna. Alexandra conta para Vera que ouviu a voz de sua m\u00e3e aconselhando-a a colaborar com Julian. Felipe convida K\u00e1tia para tomar um sorvete. Rafael d\u00e1 um anel de noivado para Cristina e diz que acredita que esteja gr\u00e1vida, j\u00e1 que foi fazer o exame. Julian fala para Serena que quer faz\u00ea-la lembrar o momento de sua morte. Serena v\u00ea a imagem de Luna num espelho. Luna diz a Serena que quer lhe dar um aviso.<\/p>\n<p>(*) edi\u00e7\u00e3o das novelas da Globo, &#8220;Alma G\u00eamea&#8221;, sujeito a altera\u00e7\u00e3o de data e conte\u00fado.<\/p>\n<p>Sinopse &#8220;Alma G\u00eamea&#8221;: Rafael e Luna casam-se e t\u00eam um filho, mas a felicidade \u00e9 invejada por Cristina. Em um passeio, Rafael reage a um assalto e um dos ladr\u00f5es, que \u00e9 conhecido de Cristina, atira. Luna morre. Enquanto Rafael se desespera com a perda de Luna, em um lugar bem distante dali, nasce a menina Serena, filha de uma \u00edndia com um garimpeiro. Ela cresce em uma aldeia ind\u00edgena e tem vis\u00f5es. <\/p>\n<p>Vinte anos se passam da morte de Luna. Serena consegue trabalho como empregada na mans\u00e3o de Rafael. Serena tem em seu corpo uma marca de nascen\u00e7a, no mesmo lugar em que Luna levou o tiro. A trama segue envolta em mist\u00e9rios e marcada por fatos inexplic\u00e1veis. Rafael passa a acreditar que Serena \u00e9 de fato a reencarna\u00e7\u00e3o de Luna, se apaixona por ela e a pede em casamento. Cristina e sua m\u00e3e D\u00e9bora percebem que Serena representa uma amea\u00e7a, e a novela segue com as duas tramando de tudo para separar os dois.<\/p>\n","protected":false},"excerpt":{"rendered":"<p>Resumo da novela &#8220;Alma G\u00eamea&#8221; em 13\/08: no cap\u00edtulo 073(*) da novela, Cristina garante a Rafael que deixar\u00e1 de desconfiar dela depois do resultado do exame. Mirella fica chocada com o conselho de Of\u00e9lia. Julian explica a Eduardo que precisar\u00e1 de tempo para afastar a voz que Alexandra ouve. Vera pede a Eduardo para confiar [&hellip;]<\/p>\n","protected":false},"author":5,"featured_media":244165,"comment_status":"closed","ping_status":"closed","sticky":false,"template":"","format":"standard","meta":{"tdm_status":"","tdm_grid_status":"","footnotes":""},"categories":[2328,379,375,2025,343],"tags":[441],"class_list":{"0":"post-246604","1":"post","2":"type-post","3":"status-publish","4":"format-standard","5":"has-post-thumbnail","7":"category-alma-gemea","8":"category-novelas","9":"category-rede-globo","10":"category-resumo","11":"category-televisao","12":"tag-resumo-do-dia"},"_links":{"self":[{"href":"https:\/\/migracao.redenoticia.com.br\/noticia\/wp-json\/wp\/v2\/posts\/246604","targetHints":{"allow":["GET"]}}],"collection":[{"href":"https:\/\/migracao.redenoticia.com.br\/noticia\/wp-json\/wp\/v2\/posts"}],"about":[{"href":"https:\/\/migracao.redenoticia.com.br\/noticia\/wp-json\/wp\/v2\/types\/post"}],"author":[{"embeddable":true,"href":"https:\/\/migracao.redenoticia.com.br\/noticia\/wp-json\/wp\/v2\/users\/5"}],"replies":[{"embeddable":true,"href":"https:\/\/migracao.redenoticia.com.br\/noticia\/wp-json\/wp\/v2\/comments?post=246604"}],"version-history":[{"count":0,"href":"https:\/\/migracao.redenoticia.com.br\/noticia\/wp-json\/wp\/v2\/posts\/246604\/revisions"}],"wp:featuredmedia":[{"embeddable":true,"href":"https:\/\/migracao.redenoticia.com.br\/noticia\/wp-json\/wp\/v2\/media\/244165"}],"wp:attachment":[{"href":"https:\/\/migracao.redenoticia.com.br\/noticia\/wp-json\/wp\/v2\/media?parent=246604"}],"wp:term":[{"taxonomy":"category","embeddable":true,"href":"https:\/\/migracao.redenoticia.com.br\/noticia\/wp-json\/wp\/v2\/categories?post=246604"},{"taxonomy":"post_tag","embeddable":true,"href":"https:\/\/migracao.redenoticia.com.br\/noticia\/wp-json\/wp\/v2\/tags?post=246604"}],"curies":[{"name":"wp","href":"https:\/\/api.w.org\/{rel}","templated":true}]}}