{"id":246629,"date":"2024-08-13T16:37:25","date_gmt":"2024-08-13T19:37:25","guid":{"rendered":"https:\/\/www.redenoticia.com.br\/noticia\/?p=246629"},"modified":"2024-08-13T16:37:25","modified_gmt":"2024-08-13T19:37:25","slug":"resumo-cheias-de-charme-14-08-rosario-invade-a-uti-onde-fabian-inacio-esta","status":"publish","type":"post","link":"https:\/\/migracao.redenoticia.com.br\/noticia\/2024\/resumo-cheias-de-charme-14-08-rosario-invade-a-uti-onde-fabian-inacio-esta\/246629","title":{"rendered":"Resumo &#8220;Cheias de Charme&#8221; 14\/08: Ros\u00e1rio invade a UTI onde Fabian\/In\u00e1cio est\u00e1"},"content":{"rendered":"<p> <img loading=\"lazy\" decoding=\"async\" src=\"https:\/\/migracao.redenoticia.com.br\/noticia\/imagens\/cheias-de-charme-resumo-novela.jpg\" alt=\"\" width=\"1280\" height=\"720\" class=\"aligncenter size-full wp-image-243085\" srcset=\"https:\/\/migracao.redenoticia.com.br\/noticia\/imagens\/cheias-de-charme-resumo-novela.jpg 1280w, https:\/\/migracao.redenoticia.com.br\/noticia\/imagens\/cheias-de-charme-resumo-novela-250x140.jpg 250w, https:\/\/migracao.redenoticia.com.br\/noticia\/imagens\/cheias-de-charme-resumo-novela-400x225.jpg 400w, https:\/\/migracao.redenoticia.com.br\/noticia\/imagens\/cheias-de-charme-resumo-novela-768x432.jpg 768w, https:\/\/migracao.redenoticia.com.br\/noticia\/imagens\/cheias-de-charme-resumo-novela-150x85.jpg 150w\" sizes=\"auto, (max-width: 1280px) 100vw, 1280px\" \/> <\/p>\n<p><em><strong>Resumo da novela &#8220;Cheias de Charme&#8221;<\/strong><\/em> em 14\/08: no cap\u00edtulo 121(*) da novela, La\u00e9rcio estranha o jeito como Chayene lhe trata. Penha vai com Gilson \u00e0 praia. Sarmento ouve S\u00f4nia falar que quer se separar dele. Dinha liga para In\u00e1cio do celular de Romana e vai atr\u00e1s dele. Socorro e La\u00e9rcio chegam \u00e0 casa de Rejane. Penha se surpreende ao encontrar Otto em sua casa. Romana avisa a In\u00e1cio que Dinha foi atr\u00e1s dele.<\/p>\n<p>In\u00e1cio sugere que Fabian fique no lugar dele para enganar Dinha. Penha diz a Otto que n\u00e3o pode ficar com ele. Sarmento tenta convencer S\u00f4nia a desistir da separa\u00e7\u00e3o. Romana fala para Dinha que In\u00e1cio sofreu um acidente. Rejane revela para La\u00e9rcio que Chayene acabou com sua voz para ficar no seu lugar na banda. Conrado discute com Cida por defender Elano.<\/p>\n<p>Ros\u00e1rio se desespera ao saber do suposto acidente sofrido por In\u00e1cio. Todos recebem um convite para a inaugura\u00e7\u00e3o da nova Galerie. S\u00f4nia quase flagra Isadora e Niltinho se beijando na cozinha. Chayene recupera sua voz. Penha se encontra com Gilson no Borralho. Sandro se enfurece ao ver Gilson e Penha se beijando. Ros\u00e1rio invade a UTI onde Fabian\/In\u00e1cio est\u00e1.<\/p>\n<p>(*) edi\u00e7\u00e3o das novelas da Globo, &#8220;Cheias de Charme&#8221;, sujeito a altera\u00e7\u00e3o de data e conte\u00fado.<\/p>\n<p>Sinopse \u201cCheias de Charme\u201d: Penha se apaixona por Gilson. O que ela desconhece \u00e9 que o gal\u00e3 \u00e9 uma antiga paix\u00e3o de juventude de Lygia e o verdadeiro pai de Samuel. Ap\u00f3s conquistar os holofotes, Ros\u00e1rio decide investir em sua carreira como cantora solo. Separada de In\u00e1cio devido a uma arma\u00e7\u00e3o de Fabian e Tom Bastos, ela aceita fazer uma turn\u00ea ao lado do pr\u00edncipe das dom\u00e9sticas, mas Chayene, revoltada com o suposto romance entre o cantor e sua rival, acaba desfigurando o rosto de Fabian ao lhe atirar um prato de sopa quente. <\/p>\n<p>Para n\u00e3o prejudicar os contratos que assinou, Tom Bastos convence In\u00e1cio a se passar por Fabian nos palcos enquanto \u00e9 dublado pelo original. Cida descobre que o ex-patr\u00e3o \u00e9 seu verdadeiro pai. Ernani leva Cida de volta para a mans\u00e3o. Agora \u00e9 ela quem sustenta a casa e d\u00e1 as carta ali, estremecendo o casamento j\u00e1 abalado entre Isadora e Conrado. No entanto, essa reaproxima\u00e7\u00e3o de Cida com os Sarmentos lhe custa o fim de seu namoro com o \u00edntegro advogado Elano.<\/p>\n","protected":false},"excerpt":{"rendered":"<p>Resumo da novela &#8220;Cheias de Charme&#8221; em 14\/08: no cap\u00edtulo 121(*) da novela, La\u00e9rcio estranha o jeito como Chayene lhe trata. Penha vai com Gilson \u00e0 praia. Sarmento ouve S\u00f4nia falar que quer se separar dele. Dinha liga para In\u00e1cio do celular de Romana e vai atr\u00e1s dele. Socorro e La\u00e9rcio chegam \u00e0 casa de [&hellip;]<\/p>\n","protected":false},"author":2,"featured_media":243086,"comment_status":"closed","ping_status":"closed","sticky":false,"template":"","format":"standard","meta":{"tdm_status":"","tdm_grid_status":"","footnotes":""},"categories":[2325,379,375,2025,343],"tags":[441],"class_list":{"0":"post-246629","1":"post","2":"type-post","3":"status-publish","4":"format-standard","5":"has-post-thumbnail","7":"category-cheias-de-charme","8":"category-novelas","9":"category-rede-globo","10":"category-resumo","11":"category-televisao","12":"tag-resumo-do-dia"},"_links":{"self":[{"href":"https:\/\/migracao.redenoticia.com.br\/noticia\/wp-json\/wp\/v2\/posts\/246629","targetHints":{"allow":["GET"]}}],"collection":[{"href":"https:\/\/migracao.redenoticia.com.br\/noticia\/wp-json\/wp\/v2\/posts"}],"about":[{"href":"https:\/\/migracao.redenoticia.com.br\/noticia\/wp-json\/wp\/v2\/types\/post"}],"author":[{"embeddable":true,"href":"https:\/\/migracao.redenoticia.com.br\/noticia\/wp-json\/wp\/v2\/users\/2"}],"replies":[{"embeddable":true,"href":"https:\/\/migracao.redenoticia.com.br\/noticia\/wp-json\/wp\/v2\/comments?post=246629"}],"version-history":[{"count":0,"href":"https:\/\/migracao.redenoticia.com.br\/noticia\/wp-json\/wp\/v2\/posts\/246629\/revisions"}],"wp:featuredmedia":[{"embeddable":true,"href":"https:\/\/migracao.redenoticia.com.br\/noticia\/wp-json\/wp\/v2\/media\/243086"}],"wp:attachment":[{"href":"https:\/\/migracao.redenoticia.com.br\/noticia\/wp-json\/wp\/v2\/media?parent=246629"}],"wp:term":[{"taxonomy":"category","embeddable":true,"href":"https:\/\/migracao.redenoticia.com.br\/noticia\/wp-json\/wp\/v2\/categories?post=246629"},{"taxonomy":"post_tag","embeddable":true,"href":"https:\/\/migracao.redenoticia.com.br\/noticia\/wp-json\/wp\/v2\/tags?post=246629"}],"curies":[{"name":"wp","href":"https:\/\/api.w.org\/{rel}","templated":true}]}}