{"id":246631,"date":"2024-08-13T16:38:36","date_gmt":"2024-08-13T19:38:36","guid":{"rendered":"https:\/\/www.redenoticia.com.br\/noticia\/?p=246631"},"modified":"2024-08-13T16:38:36","modified_gmt":"2024-08-13T19:38:36","slug":"resumo-alma-gemea-14-08-serena-tenta-afastar-rafael","status":"publish","type":"post","link":"https:\/\/migracao.redenoticia.com.br\/noticia\/2024\/resumo-alma-gemea-14-08-serena-tenta-afastar-rafael\/246631","title":{"rendered":"Resumo &#8220;Alma G\u00eamea&#8221; 14\/08: Serena tenta afastar Rafael"},"content":{"rendered":"<p> <img loading=\"lazy\" decoding=\"async\" src=\"https:\/\/migracao.redenoticia.com.br\/noticia\/imagens\/resumo-alma-gemea-logo-novela.jpg\" alt=\"\" width=\"1280\" height=\"720\" class=\"aligncenter size-full wp-image-244166\" srcset=\"https:\/\/migracao.redenoticia.com.br\/noticia\/imagens\/resumo-alma-gemea-logo-novela.jpg 1280w, https:\/\/migracao.redenoticia.com.br\/noticia\/imagens\/resumo-alma-gemea-logo-novela-250x140.jpg 250w, https:\/\/migracao.redenoticia.com.br\/noticia\/imagens\/resumo-alma-gemea-logo-novela-400x225.jpg 400w, https:\/\/migracao.redenoticia.com.br\/noticia\/imagens\/resumo-alma-gemea-logo-novela-768x432.jpg 768w, https:\/\/migracao.redenoticia.com.br\/noticia\/imagens\/resumo-alma-gemea-logo-novela-150x85.jpg 150w\" sizes=\"auto, (max-width: 1280px) 100vw, 1280px\" \/><\/p>\n<p><em><strong>Resumo da novela &#8220;Alma G\u00eamea&#8221;<\/strong><\/em> em 14\/08: no cap\u00edtulo 074(*) da novela, Luna manda Serena tomar cuidado com o assassino. Rafael promete a Cristina aprender a am\u00e1-la. H\u00e9lio fala para Sabina que gostaria de lembrar que liga\u00e7\u00e3o tem com Serena para ver se deixa de am\u00e1-la. Serena v\u00ea os olhos do assassino de Luna; depois v\u00ea Guto na vida atual. Julian desconfia de que Guto seja o assassino de Luna, mas n\u00e3o diz nada a Serena. Cristina se aproxima de Rafael, mas ele diz que precisa de mais tempo. Rafael v\u00ea a imagem de Luna e, em seguida, a imagem de Serena no espelho do ateli\u00ea. Sabina insinua que Generosa tem um segredo, deixando-a perturbada. Julian percebe que Sabina est\u00e1 interessada em H\u00e9lio. Um oficial de justi\u00e7a procura Ol\u00edvia. D\u00e9bora afirma para Cristina que Rafael jamais esquecer\u00e1 Serena enquanto estiver por perto. Felipe aconselha Cristina a desistir do amor de Rafael. Rafael v\u00ea Serena brincando no rio e se aproxima.<\/p>\n<p> Serena tenta afastar Rafael. Eduardo e Julian separam Alexandra e Vera. Julian encara Alexandra e pergunta \u00e0 voz quem \u00e9 ela. Ol\u00edvia explica para Vit\u00f3rio que n\u00e3o quer ver o oficial de justi\u00e7a, pois n\u00e3o quer ser intimada a ir \u00e0 audi\u00eancia de reconcilia\u00e7\u00e3o. Serena fala para Rafael que n\u00e3o podem mais ficar juntos, pois precisa cuidar de Cristina e do filho que ela est\u00e1 esperando. Vit\u00f3rio sugere que Ol\u00edvia finja que est\u00e1 com catapora e caxumba para espantar o oficial de justi\u00e7a. O oficial n\u00e3o tem coragem de entregar a intima\u00e7\u00e3o a Ol\u00edvia. A voz diz a Julian que sabe que ele tem medo de amar. Julian fica perturbado, mas expulsa a voz. Raul acha que Ol\u00edvia mentiu para o oficial de justi\u00e7a e manda Terezinha descobrir se ela est\u00e1 mesmo doente. Mirella pergunta a Felipe se est\u00e1 envolvido com K\u00e1tia. Crispim v\u00ea K\u00e1tia chorando e pergunta o que houve. O delegado procura Roberval. Serena tem uma vis\u00e3o de Guto amea\u00e7ando Luna e se lembra que foi ele quem a matou.<\/p>\n<p>(*) edi\u00e7\u00e3o das novelas da Globo, &#8220;Alma G\u00eamea&#8221;, sujeito a altera\u00e7\u00e3o de data e conte\u00fado.<\/p>\n<p>Sinopse &#8220;Alma G\u00eamea&#8221;: Rafael e Luna casam-se e t\u00eam um filho, mas a felicidade \u00e9 invejada por Cristina. Em um passeio, Rafael reage a um assalto e um dos ladr\u00f5es, que \u00e9 conhecido de Cristina, atira. Luna morre. Enquanto Rafael se desespera com a perda de Luna, em um lugar bem distante dali, nasce a menina Serena, filha de uma \u00edndia com um garimpeiro. Ela cresce em uma aldeia ind\u00edgena e tem vis\u00f5es. <\/p>\n<p>Vinte anos se passam da morte de Luna. Serena consegue trabalho como empregada na mans\u00e3o de Rafael. Serena tem em seu corpo uma marca de nascen\u00e7a, no mesmo lugar em que Luna levou o tiro. A trama segue envolta em mist\u00e9rios e marcada por fatos inexplic\u00e1veis. Rafael passa a acreditar que Serena \u00e9 de fato a reencarna\u00e7\u00e3o de Luna, se apaixona por ela e a pede em casamento. Cristina e sua m\u00e3e D\u00e9bora percebem que Serena representa uma amea\u00e7a, e a novela segue com as duas tramando de tudo para separar os dois.<\/p>\n","protected":false},"excerpt":{"rendered":"<p>Resumo da novela &#8220;Alma G\u00eamea&#8221; em 14\/08: no cap\u00edtulo 074(*) da novela, Luna manda Serena tomar cuidado com o assassino. Rafael promete a Cristina aprender a am\u00e1-la. H\u00e9lio fala para Sabina que gostaria de lembrar que liga\u00e7\u00e3o tem com Serena para ver se deixa de am\u00e1-la. Serena v\u00ea os olhos do assassino de Luna; depois [&hellip;]<\/p>\n","protected":false},"author":5,"featured_media":244165,"comment_status":"closed","ping_status":"closed","sticky":false,"template":"","format":"standard","meta":{"tdm_status":"","tdm_grid_status":"","footnotes":""},"categories":[2328,379,375,2025,343],"tags":[441],"class_list":{"0":"post-246631","1":"post","2":"type-post","3":"status-publish","4":"format-standard","5":"has-post-thumbnail","7":"category-alma-gemea","8":"category-novelas","9":"category-rede-globo","10":"category-resumo","11":"category-televisao","12":"tag-resumo-do-dia"},"_links":{"self":[{"href":"https:\/\/migracao.redenoticia.com.br\/noticia\/wp-json\/wp\/v2\/posts\/246631","targetHints":{"allow":["GET"]}}],"collection":[{"href":"https:\/\/migracao.redenoticia.com.br\/noticia\/wp-json\/wp\/v2\/posts"}],"about":[{"href":"https:\/\/migracao.redenoticia.com.br\/noticia\/wp-json\/wp\/v2\/types\/post"}],"author":[{"embeddable":true,"href":"https:\/\/migracao.redenoticia.com.br\/noticia\/wp-json\/wp\/v2\/users\/5"}],"replies":[{"embeddable":true,"href":"https:\/\/migracao.redenoticia.com.br\/noticia\/wp-json\/wp\/v2\/comments?post=246631"}],"version-history":[{"count":0,"href":"https:\/\/migracao.redenoticia.com.br\/noticia\/wp-json\/wp\/v2\/posts\/246631\/revisions"}],"wp:featuredmedia":[{"embeddable":true,"href":"https:\/\/migracao.redenoticia.com.br\/noticia\/wp-json\/wp\/v2\/media\/244165"}],"wp:attachment":[{"href":"https:\/\/migracao.redenoticia.com.br\/noticia\/wp-json\/wp\/v2\/media?parent=246631"}],"wp:term":[{"taxonomy":"category","embeddable":true,"href":"https:\/\/migracao.redenoticia.com.br\/noticia\/wp-json\/wp\/v2\/categories?post=246631"},{"taxonomy":"post_tag","embeddable":true,"href":"https:\/\/migracao.redenoticia.com.br\/noticia\/wp-json\/wp\/v2\/tags?post=246631"}],"curies":[{"name":"wp","href":"https:\/\/api.w.org\/{rel}","templated":true}]}}