{"id":246635,"date":"2024-08-13T16:41:02","date_gmt":"2024-08-13T19:41:02","guid":{"rendered":"https:\/\/www.redenoticia.com.br\/noticia\/?p=246635"},"modified":"2024-08-13T16:41:02","modified_gmt":"2024-08-13T19:41:02","slug":"resumo-familia-e-tudo-14-08-tom-decide-marcar-sua-operacao","status":"publish","type":"post","link":"https:\/\/migracao.redenoticia.com.br\/noticia\/2024\/resumo-familia-e-tudo-14-08-tom-decide-marcar-sua-operacao\/246635","title":{"rendered":"Resumo &#8220;Fam\u00edlia \u00e9 Tudo&#8221; 14\/08: Tom decide marcar sua opera\u00e7\u00e3o"},"content":{"rendered":"<p> <img loading=\"lazy\" decoding=\"async\" src=\"https:\/\/migracao.redenoticia.com.br\/noticia\/imagens\/novela-familia-e-tudo-resumo.jpg\" alt=\"\" width=\"1280\" height=\"720\" class=\"aligncenter size-full wp-image-242619\" srcset=\"https:\/\/migracao.redenoticia.com.br\/noticia\/imagens\/novela-familia-e-tudo-resumo.jpg 1280w, https:\/\/migracao.redenoticia.com.br\/noticia\/imagens\/novela-familia-e-tudo-resumo-250x140.jpg 250w, https:\/\/migracao.redenoticia.com.br\/noticia\/imagens\/novela-familia-e-tudo-resumo-400x225.jpg 400w, https:\/\/migracao.redenoticia.com.br\/noticia\/imagens\/novela-familia-e-tudo-resumo-768x432.jpg 768w, https:\/\/migracao.redenoticia.com.br\/noticia\/imagens\/novela-familia-e-tudo-resumo-150x85.jpg 150w\" sizes=\"auto, (max-width: 1280px) 100vw, 1280px\" \/><\/p>\n<p><strong><em>Resumo da novela &#8220;Fam\u00edlia \u00e9 Tudo&#8221;<\/em><\/strong> em 14\/08: no cap\u00edtulo 140(*) da novela, L\u00e9o n\u00e3o acredita na revela\u00e7\u00e3o de Otto. Hans cobra de Gina sua infiltra\u00e7\u00e3o na Funda\u00e7\u00e3o Todos Humanos. Lupita se apavora com as amea\u00e7as de Memo. Joana mente para V\u00eanus e diz que n\u00e3o se lembra do acidente que sofreu com Pedro. Otto tenta convencer sua c\u00famplice a se encontrar com L\u00e9o. Sheila, Chic\u00e3o, Andr\u00f4meda e Ernesto se hospedam no mesmo hotel. <\/p>\n<p>Brenda n\u00e3o deixa Paulina sair de casa. Tom decide marcar sua opera\u00e7\u00e3o. Electra se enfurece com J\u00e9ssica depois de perder vaga de solista, e se vinga da rival. J\u00fapiter e Guto estranham ao ver Memo com Lupita na pens\u00e3o. Tom, Pudim e Laurinha flagram V\u00eanus e L\u00e9o juntos.<\/p>\n<p>(*) edi\u00e7\u00e3o das novelas da Globo, &#8220;Fam\u00edlia \u00e9 Tudo&#8221;, sujeito a altera\u00e7\u00e3o de data e conte\u00fado.<\/p>\n<p>Sinopse &#8220;Fam\u00edlia \u00e9 Tudo&#8221;: Frida Mancini, dona da gravadora Mancini Music, tem cinco netos e ela sonha reunir novamente o cl\u00e3 &#8211; um desejo que compartilha com V\u00eanus, a mais velha entre os irm\u00e3os. Confiante, Frida organiza um cruzeiro para celebrar seu anivers\u00e1rio e o de sua irm\u00e3 g\u00eamea, Catarina. Mas em meio a rusgas e arma\u00e7\u00f5es, quando os netos n\u00e3o comparecem, ela embarca com a irm\u00e3 e o sobrinho Hans. <\/p>\n<p>Seu sumi\u00e7o durante a viagem \u00e9 o ponto de partida para a com\u00e9dia rom\u00e2ntica. Ao ser dada como morta, Frida surpreende a todos com um testamento. Os netos v\u00e3o encarar uma miss\u00e3o que transformar\u00e1 suas vidas. Ao final de um ano, se o desempenho dos irm\u00e3os n\u00e3o for satisfat\u00f3rio, a heran\u00e7a ser\u00e1 entregue a Hans.<\/p>\n","protected":false},"excerpt":{"rendered":"<p>Resumo da novela &#8220;Fam\u00edlia \u00e9 Tudo&#8221; em 14\/08: no cap\u00edtulo 140(*) da novela, L\u00e9o n\u00e3o acredita na revela\u00e7\u00e3o de Otto. Hans cobra de Gina sua infiltra\u00e7\u00e3o na Funda\u00e7\u00e3o Todos Humanos. Lupita se apavora com as amea\u00e7as de Memo. Joana mente para V\u00eanus e diz que n\u00e3o se lembra do acidente que sofreu com Pedro. Otto [&hellip;]<\/p>\n","protected":false},"author":3,"featured_media":242618,"comment_status":"closed","ping_status":"closed","sticky":false,"template":"","format":"standard","meta":{"tdm_status":"","tdm_grid_status":"","footnotes":""},"categories":[2324,379,375,2025,343],"tags":[441],"class_list":{"0":"post-246635","1":"post","2":"type-post","3":"status-publish","4":"format-standard","5":"has-post-thumbnail","7":"category-familia-e-tudo","8":"category-novelas","9":"category-rede-globo","10":"category-resumo","11":"category-televisao","12":"tag-resumo-do-dia"},"_links":{"self":[{"href":"https:\/\/migracao.redenoticia.com.br\/noticia\/wp-json\/wp\/v2\/posts\/246635","targetHints":{"allow":["GET"]}}],"collection":[{"href":"https:\/\/migracao.redenoticia.com.br\/noticia\/wp-json\/wp\/v2\/posts"}],"about":[{"href":"https:\/\/migracao.redenoticia.com.br\/noticia\/wp-json\/wp\/v2\/types\/post"}],"author":[{"embeddable":true,"href":"https:\/\/migracao.redenoticia.com.br\/noticia\/wp-json\/wp\/v2\/users\/3"}],"replies":[{"embeddable":true,"href":"https:\/\/migracao.redenoticia.com.br\/noticia\/wp-json\/wp\/v2\/comments?post=246635"}],"version-history":[{"count":0,"href":"https:\/\/migracao.redenoticia.com.br\/noticia\/wp-json\/wp\/v2\/posts\/246635\/revisions"}],"wp:featuredmedia":[{"embeddable":true,"href":"https:\/\/migracao.redenoticia.com.br\/noticia\/wp-json\/wp\/v2\/media\/242618"}],"wp:attachment":[{"href":"https:\/\/migracao.redenoticia.com.br\/noticia\/wp-json\/wp\/v2\/media?parent=246635"}],"wp:term":[{"taxonomy":"category","embeddable":true,"href":"https:\/\/migracao.redenoticia.com.br\/noticia\/wp-json\/wp\/v2\/categories?post=246635"},{"taxonomy":"post_tag","embeddable":true,"href":"https:\/\/migracao.redenoticia.com.br\/noticia\/wp-json\/wp\/v2\/tags?post=246635"}],"curies":[{"name":"wp","href":"https:\/\/api.w.org\/{rel}","templated":true}]}}