{"id":246656,"date":"2024-08-14T16:04:10","date_gmt":"2024-08-14T19:04:10","guid":{"rendered":"https:\/\/www.redenoticia.com.br\/noticia\/?p=246656"},"modified":"2024-08-14T16:04:10","modified_gmt":"2024-08-14T19:04:10","slug":"resumo-alma-gemea-15-08-xavier-procura-rafael-a-mando-de-guto","status":"publish","type":"post","link":"https:\/\/migracao.redenoticia.com.br\/noticia\/2024\/resumo-alma-gemea-15-08-xavier-procura-rafael-a-mando-de-guto\/246656","title":{"rendered":"Resumo &#8220;Alma G\u00eamea&#8221; 15\/08: Xavier procura Rafael a mando de Guto"},"content":{"rendered":"<p> <img loading=\"lazy\" decoding=\"async\" src=\"https:\/\/migracao.redenoticia.com.br\/noticia\/imagens\/resumo-alma-gemea-logo-novela.jpg\" alt=\"\" width=\"1280\" height=\"720\" class=\"aligncenter size-full wp-image-244166\" srcset=\"https:\/\/migracao.redenoticia.com.br\/noticia\/imagens\/resumo-alma-gemea-logo-novela.jpg 1280w, https:\/\/migracao.redenoticia.com.br\/noticia\/imagens\/resumo-alma-gemea-logo-novela-250x140.jpg 250w, https:\/\/migracao.redenoticia.com.br\/noticia\/imagens\/resumo-alma-gemea-logo-novela-400x225.jpg 400w, https:\/\/migracao.redenoticia.com.br\/noticia\/imagens\/resumo-alma-gemea-logo-novela-768x432.jpg 768w, https:\/\/migracao.redenoticia.com.br\/noticia\/imagens\/resumo-alma-gemea-logo-novela-150x85.jpg 150w\" sizes=\"auto, (max-width: 1280px) 100vw, 1280px\" \/><\/p>\n<p><em><strong>Resumo da novela &#8220;Alma G\u00eamea&#8221;<\/strong><\/em> em 15\/08: no cap\u00edtulo 075(*) da novela, Serena se d\u00e1 conta de que tinha medo de Guto pelo o que ele fez a Luna. H\u00e9lio fala para Sabina que a companhia dela lhe d\u00e1 paz. Sabina afirma para H\u00e9lio que ele deve ter vivido muitas vidas, pois \u00e9 s\u00e1bio. Julian garante a Alexandra que vai vencer o esp\u00edrito que a domina. Alexandra fica muito agradecida. Mirella exige que Felipe n\u00e3o se aproxime mais de K\u00e1tia e ele concorda. Roberval confirma para o delegado que foi abandonado na porta de uma igreja quando crian\u00e7a. Terezinha vai visitar Ol\u00edvia para descobrir se est\u00e1 mesmo com catapora. Cristina aconselha Felipe a se divertir com K\u00e1tia sem que Mirella saiba. H\u00e9lio conta para Julian, Agnes e Adelaide que Serena lembrou quem \u00e9 o assassino de Luna.<\/p>\n<p>Roberval n\u00e3o entende por que o delegado lhe fez perguntas. O delegado fala para um fazendeiro rico chamado Romeu que Roberval deve ser a pessoa que ele procura. Xavier procura Rafael a mando de Guto e diz que dar\u00e1 informa\u00e7\u00f5es valiosas em troca de dinheiro. Cristina descobre que Xavier foi falar com Rafael e deduz que Guto est\u00e1 pensando em tra\u00ed-la. Terezinha garante a Raul que Ol\u00edvia est\u00e1 mesmo doente. Serena conta para Julian, Agnes e Adelaide por que n\u00e3o gosta de Guto e, em seguida, desmaia. Felipe garante a Mirella que ela \u00e9 o \u00fanico amor de sua vida. Raul descobre que Mirella est\u00e1 cuidando do restaurante enquanto Ol\u00edvia est\u00e1 de cama. Bernardo aconselha Crispim a mandar Jorge pedir Mirna em casamento. Rafael diz a Cristina que ela tem a chance de confessar se tiver feito alguma coisa errada. Agnes fala para Serena que precisa dela.<\/p>\n<p>(*) edi\u00e7\u00e3o das novelas da Globo, &#8220;Alma G\u00eamea&#8221;, sujeito a altera\u00e7\u00e3o de data e conte\u00fado.<\/p>\n<p>Sinopse &#8220;Alma G\u00eamea&#8221;: Rafael e Luna casam-se e t\u00eam um filho, mas a felicidade \u00e9 invejada por Cristina. Em um passeio, Rafael reage a um assalto e um dos ladr\u00f5es, que \u00e9 conhecido de Cristina, atira. Luna morre. Enquanto Rafael se desespera com a perda de Luna, em um lugar bem distante dali, nasce a menina Serena, filha de uma \u00edndia com um garimpeiro. Ela cresce em uma aldeia ind\u00edgena e tem vis\u00f5es. <\/p>\n<p>Vinte anos se passam da morte de Luna. Serena consegue trabalho como empregada na mans\u00e3o de Rafael. Serena tem em seu corpo uma marca de nascen\u00e7a, no mesmo lugar em que Luna levou o tiro. A trama segue envolta em mist\u00e9rios e marcada por fatos inexplic\u00e1veis. Rafael passa a acreditar que Serena \u00e9 de fato a reencarna\u00e7\u00e3o de Luna, se apaixona por ela e a pede em casamento. Cristina e sua m\u00e3e D\u00e9bora percebem que Serena representa uma amea\u00e7a, e a novela segue com as duas tramando de tudo para separar os dois.<\/p>\n","protected":false},"excerpt":{"rendered":"<p>Resumo da novela &#8220;Alma G\u00eamea&#8221; em 15\/08: no cap\u00edtulo 075(*) da novela, Serena se d\u00e1 conta de que tinha medo de Guto pelo o que ele fez a Luna. H\u00e9lio fala para Sabina que a companhia dela lhe d\u00e1 paz. Sabina afirma para H\u00e9lio que ele deve ter vivido muitas vidas, pois \u00e9 s\u00e1bio. Julian [&hellip;]<\/p>\n","protected":false},"author":5,"featured_media":244165,"comment_status":"closed","ping_status":"closed","sticky":false,"template":"","format":"standard","meta":{"tdm_status":"","tdm_grid_status":"","footnotes":""},"categories":[2328,379,375,2025,343],"tags":[441],"class_list":{"0":"post-246656","1":"post","2":"type-post","3":"status-publish","4":"format-standard","5":"has-post-thumbnail","7":"category-alma-gemea","8":"category-novelas","9":"category-rede-globo","10":"category-resumo","11":"category-televisao","12":"tag-resumo-do-dia"},"_links":{"self":[{"href":"https:\/\/migracao.redenoticia.com.br\/noticia\/wp-json\/wp\/v2\/posts\/246656","targetHints":{"allow":["GET"]}}],"collection":[{"href":"https:\/\/migracao.redenoticia.com.br\/noticia\/wp-json\/wp\/v2\/posts"}],"about":[{"href":"https:\/\/migracao.redenoticia.com.br\/noticia\/wp-json\/wp\/v2\/types\/post"}],"author":[{"embeddable":true,"href":"https:\/\/migracao.redenoticia.com.br\/noticia\/wp-json\/wp\/v2\/users\/5"}],"replies":[{"embeddable":true,"href":"https:\/\/migracao.redenoticia.com.br\/noticia\/wp-json\/wp\/v2\/comments?post=246656"}],"version-history":[{"count":0,"href":"https:\/\/migracao.redenoticia.com.br\/noticia\/wp-json\/wp\/v2\/posts\/246656\/revisions"}],"wp:featuredmedia":[{"embeddable":true,"href":"https:\/\/migracao.redenoticia.com.br\/noticia\/wp-json\/wp\/v2\/media\/244165"}],"wp:attachment":[{"href":"https:\/\/migracao.redenoticia.com.br\/noticia\/wp-json\/wp\/v2\/media?parent=246656"}],"wp:term":[{"taxonomy":"category","embeddable":true,"href":"https:\/\/migracao.redenoticia.com.br\/noticia\/wp-json\/wp\/v2\/categories?post=246656"},{"taxonomy":"post_tag","embeddable":true,"href":"https:\/\/migracao.redenoticia.com.br\/noticia\/wp-json\/wp\/v2\/tags?post=246656"}],"curies":[{"name":"wp","href":"https:\/\/api.w.org\/{rel}","templated":true}]}}