{"id":246739,"date":"2024-08-18T16:48:42","date_gmt":"2024-08-18T19:48:42","guid":{"rendered":"https:\/\/www.redenoticia.com.br\/noticia\/?p=246739"},"modified":"2024-08-18T16:48:42","modified_gmt":"2024-08-18T19:48:42","slug":"resumo-contigo-sim-19-08-nancy-recebe-ameaca-de-felix","status":"publish","type":"post","link":"https:\/\/migracao.redenoticia.com.br\/noticia\/2024\/resumo-contigo-sim-19-08-nancy-recebe-ameaca-de-felix\/246739","title":{"rendered":"Resumo \u201cContigo Sim\u201d 19\/08: Nancy recebe amea\u00e7a de F\u00e9lix"},"content":{"rendered":"<p> <img loading=\"lazy\" decoding=\"async\" src=\"https:\/\/migracao.redenoticia.com.br\/noticia\/imagens\/novela-contigo-sim-capitulo-resumo.jpg\" alt=\"\" width=\"1280\" height=\"720\" class=\"aligncenter size-full wp-image-243831\" srcset=\"https:\/\/migracao.redenoticia.com.br\/noticia\/imagens\/novela-contigo-sim-capitulo-resumo.jpg 1280w, https:\/\/migracao.redenoticia.com.br\/noticia\/imagens\/novela-contigo-sim-capitulo-resumo-250x140.jpg 250w, https:\/\/migracao.redenoticia.com.br\/noticia\/imagens\/novela-contigo-sim-capitulo-resumo-400x225.jpg 400w, https:\/\/migracao.redenoticia.com.br\/noticia\/imagens\/novela-contigo-sim-capitulo-resumo-768x432.jpg 768w, https:\/\/migracao.redenoticia.com.br\/noticia\/imagens\/novela-contigo-sim-capitulo-resumo-150x85.jpg 150w\" sizes=\"auto, (max-width: 1280px) 100vw, 1280px\" \/>    <\/p>\n<p><strong><em>Resumo da novela \u201cContigo Sim\u201d<\/em><\/strong> em 19\/08: no cap\u00edtulo 086(*) da novela, Dar\u00edo denuncia Samanta por ass\u00e9dio sexual no trabalho e a filha de Gerardo convoca uma reuni\u00e3o com todos os acionistas do Grupo Vega para pedir a demiss\u00e3o de seu pai e ela tomando seu lugar. Samanta publica um v\u00eddeo negando as acusa\u00e7\u00f5es de Dar\u00edo e tem certeza de que pode ser uma chantagem para obter benef\u00edcios financeiros, \u00c1ngela sabe que n\u00e3o h\u00e1 como voltar a confiar em \u00c1lvaro. \u00c1lvaro sabe que a cl\u00ednica de Real del Mar foi a \u00faltima chance que teve para resgatar \u00c2ngela e confessa a Nestor que agora estava agindo com sinceridade, mas as coisas fugiram do controle de \u00c2ngela que n\u00e3o gosta dela. Oscar tem vergonha do relacionamento deles. Gerardo visita Adela na pris\u00e3o para lhe mostrar seu apoio e confessa que quando sair est\u00e1 disposto a morar com ela, ent\u00e3o lhe d\u00e1 um beijo e Mirta procura \u00c1ngela.<\/p>\n<p>Abel acredita que perdeu qualquer oportunidade de avan\u00e7ar no relacionamento com Nancy por causa das diferen\u00e7as. Leonardo quer se divorciar de Alma e pede que \u00c2ngela acredite em sua palavra porque quer ser pai do filho dela. \u00c1ngela confronta Mirta porque ela n\u00e3o concorda com a ideia de se afastar de Leonardo. Nancy recebe amea\u00e7a de F\u00e9lix do lado de fora da casa de Abel. Samanta est\u00e1 determinada a romper qualquer relacionamento com o pai e planeja atac\u00e1-lo. Mirta tenta convencer o filho a ficar longe de \u00c1ngela e ficar ao lado de Alma. Samanta avisa \u00c1lvaro que ele errou ao apoiar Gerardo, ent\u00e3o ela lhe prop\u00f5e corrigir seu erro. Gerardo chega em casa e se surpreende por n\u00e3o poder entrar porque mudaram as chaves. Samanta confronta o pai e anuncia que n\u00e3o o deixar\u00e1 entrar porque ele a deslocou por causa de outras pessoas.<\/p>\n<p>(*) edi\u00e7\u00e3o das novelas do SBT, \u201cContigo Sim\u201d, sujeito a altera\u00e7\u00e3o de data e conte\u00fado.<\/p>\n<p>Sinopse: \u201cContigo Sim\u201d conta a hist\u00f3ria de \u00c1ngela (Alejandra Robles Gil), que \u00e9 enfermeira e estudante de medicina. Ela \u00e9 seduzida por \u00c1lvaro (Danilo Carrera), um jovem ambicioso que visita sua cidade em viagem de neg\u00f3cios para construir um hospital. \u00c1ngela e \u00c1lvaro se casam, mas ele a abandona e volta para a Cidade do M\u00e9xico, onde fica noivo de Samantha (B\u00e1rbara Islas) e se casa com ela tamb\u00e9m. \u00c1ngela decide ir para a Cidade do M\u00e9xico em busca de \u00c1lvaro, ela descobre o engano e conhece Leonardo (Brandon Peniche), um m\u00e9dico que se apaixona por ela e passa a ser seu protetor. \u00c1ngela lutar\u00e1 incansavelmente contra as adversidades do destino, na busca pelo amor verdadeiro.  <\/p>\n","protected":false},"excerpt":{"rendered":"<p>Resumo da novela \u201cContigo Sim\u201d em 19\/08: no cap\u00edtulo 086(*) da novela, Dar\u00edo denuncia Samanta por ass\u00e9dio sexual no trabalho e a filha de Gerardo convoca uma reuni\u00e3o com todos os acionistas do Grupo Vega para pedir a demiss\u00e3o de seu pai e ela tomando seu lugar. Samanta publica um v\u00eddeo negando as acusa\u00e7\u00f5es de [&hellip;]<\/p>\n","protected":false},"author":2,"featured_media":243830,"comment_status":"closed","ping_status":"closed","sticky":false,"template":"","format":"standard","meta":{"tdm_status":"","tdm_grid_status":"","footnotes":""},"categories":[2327,379,2025,372,343],"tags":[441],"class_list":{"0":"post-246739","1":"post","2":"type-post","3":"status-publish","4":"format-standard","5":"has-post-thumbnail","7":"category-contigo-sim","8":"category-novelas","9":"category-resumo","10":"category-sbt","11":"category-televisao","12":"tag-resumo-do-dia"},"_links":{"self":[{"href":"https:\/\/migracao.redenoticia.com.br\/noticia\/wp-json\/wp\/v2\/posts\/246739","targetHints":{"allow":["GET"]}}],"collection":[{"href":"https:\/\/migracao.redenoticia.com.br\/noticia\/wp-json\/wp\/v2\/posts"}],"about":[{"href":"https:\/\/migracao.redenoticia.com.br\/noticia\/wp-json\/wp\/v2\/types\/post"}],"author":[{"embeddable":true,"href":"https:\/\/migracao.redenoticia.com.br\/noticia\/wp-json\/wp\/v2\/users\/2"}],"replies":[{"embeddable":true,"href":"https:\/\/migracao.redenoticia.com.br\/noticia\/wp-json\/wp\/v2\/comments?post=246739"}],"version-history":[{"count":0,"href":"https:\/\/migracao.redenoticia.com.br\/noticia\/wp-json\/wp\/v2\/posts\/246739\/revisions"}],"wp:featuredmedia":[{"embeddable":true,"href":"https:\/\/migracao.redenoticia.com.br\/noticia\/wp-json\/wp\/v2\/media\/243830"}],"wp:attachment":[{"href":"https:\/\/migracao.redenoticia.com.br\/noticia\/wp-json\/wp\/v2\/media?parent=246739"}],"wp:term":[{"taxonomy":"category","embeddable":true,"href":"https:\/\/migracao.redenoticia.com.br\/noticia\/wp-json\/wp\/v2\/categories?post=246739"},{"taxonomy":"post_tag","embeddable":true,"href":"https:\/\/migracao.redenoticia.com.br\/noticia\/wp-json\/wp\/v2\/tags?post=246739"}],"curies":[{"name":"wp","href":"https:\/\/api.w.org\/{rel}","templated":true}]}}