{"id":246747,"date":"2024-08-18T16:58:00","date_gmt":"2024-08-18T19:58:00","guid":{"rendered":"https:\/\/www.redenoticia.com.br\/noticia\/?p=246747"},"modified":"2024-08-18T16:58:00","modified_gmt":"2024-08-18T19:58:00","slug":"resumo-alma-gemea-19-08-cristina-entrega-convite-de-casamento-a-serena","status":"publish","type":"post","link":"https:\/\/migracao.redenoticia.com.br\/noticia\/2024\/resumo-alma-gemea-19-08-cristina-entrega-convite-de-casamento-a-serena\/246747","title":{"rendered":"Resumo &#8220;Alma G\u00eamea&#8221; 19\/08: Cristina entrega convite de casamento a Serena"},"content":{"rendered":"<p> <img loading=\"lazy\" decoding=\"async\" src=\"https:\/\/migracao.redenoticia.com.br\/noticia\/imagens\/resumo-alma-gemea-logo-novela.jpg\" alt=\"\" width=\"1280\" height=\"720\" class=\"aligncenter size-full wp-image-244166\" srcset=\"https:\/\/migracao.redenoticia.com.br\/noticia\/imagens\/resumo-alma-gemea-logo-novela.jpg 1280w, https:\/\/migracao.redenoticia.com.br\/noticia\/imagens\/resumo-alma-gemea-logo-novela-250x140.jpg 250w, https:\/\/migracao.redenoticia.com.br\/noticia\/imagens\/resumo-alma-gemea-logo-novela-400x225.jpg 400w, https:\/\/migracao.redenoticia.com.br\/noticia\/imagens\/resumo-alma-gemea-logo-novela-768x432.jpg 768w, https:\/\/migracao.redenoticia.com.br\/noticia\/imagens\/resumo-alma-gemea-logo-novela-150x85.jpg 150w\" sizes=\"auto, (max-width: 1280px) 100vw, 1280px\" \/><\/p>\n<p><em><strong>Resumo da novela &#8220;Alma G\u00eamea&#8221;<\/strong><\/em> em 19\/08: no cap\u00edtulo 079(*) da novela, Serena fala para H\u00e9lio que ainda h\u00e1 mais coisas que precisa lembrar. Mirella percebe que Felipe est\u00e1 atrasado para o encontro e fica chateada. Felipe fala para K\u00e1tia que tem namorada. Roberval garante que n\u00e3o fez nada de errado, mas ningu\u00e9m acredita nele. Cristina descobre que Eurico levou um recado de Rafael a Ciro e pergunta o que o recado dizia. Eurico se recusa a revelar. Cristina fica furiosa. Alexandra brinca com as crian\u00e7as. Nair fala para Vera e Eduardo que s\u00e3o culpados por Alexandra ter fugido. Raul n\u00e3o permite que Mirella tome conta do caixa do restaurante e diz que vai assumir o trabalho enquanto Ol\u00edvia estiver doente. Ivan, a mando de Cristina, pergunta a Zulmira que recado Eurico levou para Rafael. Rafael exige que Cristina lhe conte suas mentiras. A imagem de Luna avisa Serena que, em breve, ter\u00e1 que tomar uma decis\u00e3o muito importante.<\/p>\n<p> Luna fala para Serena que vai ter que escolher se vai viver como Serena ou como Luna. Cristina finge estar ofendida com as desconfian\u00e7as de Rafael. Zulmira conta para Ivan que Eurico ouviu uma conversa de Cristina. Raul explica a Vit\u00f3rio que tem direito a tomar conta do restaurante enquanto Ol\u00edvia estiver doente, pois ainda \u00e9 seu marido. Eduardo tenta se aproximar de Vera, que pede que se afaste dela. Dalila fala para Roberval que sabe que o motivo da investiga\u00e7\u00e3o do delegado: ele teria roubado a j\u00f3ia que disse ser de fam\u00edlia. Ela esconde a j\u00f3ia para proteger Roberval, mas afirma que est\u00e1 decepcionada com ele. Mirella explica para Ol\u00edvia que se ela fingir que se curou Raul vai acus\u00e1-la de haver mentido para o oficial de justi\u00e7a. Cristina entrega seu convite de casamento a Serena. Julian e Sabina encontram Alexandra. Alexandra fica furiosa ao ver Julian. Divina e Of\u00e9lia contam para Mirella que viram Felipe com K\u00e1tia. Guto conta para Rafael que beijou Serena a mando de Cristina.<\/p>\n<p>(*) edi\u00e7\u00e3o das novelas da Globo, &#8220;Alma G\u00eamea&#8221;, sujeito a altera\u00e7\u00e3o de data e conte\u00fado.<\/p>\n<p>Sinopse &#8220;Alma G\u00eamea&#8221;: Rafael e Luna casam-se e t\u00eam um filho, mas a felicidade \u00e9 invejada por Cristina. Em um passeio, Rafael reage a um assalto e um dos ladr\u00f5es, que \u00e9 conhecido de Cristina, atira. Luna morre. Enquanto Rafael se desespera com a perda de Luna, em um lugar bem distante dali, nasce a menina Serena, filha de uma \u00edndia com um garimpeiro. Ela cresce em uma aldeia ind\u00edgena e tem vis\u00f5es. <\/p>\n<p>Vinte anos se passam da morte de Luna. Serena consegue trabalho como empregada na mans\u00e3o de Rafael. Serena tem em seu corpo uma marca de nascen\u00e7a, no mesmo lugar em que Luna levou o tiro. A trama segue envolta em mist\u00e9rios e marcada por fatos inexplic\u00e1veis. Rafael passa a acreditar que Serena \u00e9 de fato a reencarna\u00e7\u00e3o de Luna, se apaixona por ela e a pede em casamento. Cristina e sua m\u00e3e D\u00e9bora percebem que Serena representa uma amea\u00e7a, e a novela segue com as duas tramando de tudo para separar os dois.<\/p>\n","protected":false},"excerpt":{"rendered":"<p>Resumo da novela &#8220;Alma G\u00eamea&#8221; em 19\/08: no cap\u00edtulo 079(*) da novela, Serena fala para H\u00e9lio que ainda h\u00e1 mais coisas que precisa lembrar. Mirella percebe que Felipe est\u00e1 atrasado para o encontro e fica chateada. Felipe fala para K\u00e1tia que tem namorada. Roberval garante que n\u00e3o fez nada de errado, mas ningu\u00e9m acredita nele. [&hellip;]<\/p>\n","protected":false},"author":5,"featured_media":244165,"comment_status":"closed","ping_status":"closed","sticky":false,"template":"","format":"standard","meta":{"tdm_status":"","tdm_grid_status":"","footnotes":""},"categories":[2328,379,375,2025,343],"tags":[441],"class_list":{"0":"post-246747","1":"post","2":"type-post","3":"status-publish","4":"format-standard","5":"has-post-thumbnail","7":"category-alma-gemea","8":"category-novelas","9":"category-rede-globo","10":"category-resumo","11":"category-televisao","12":"tag-resumo-do-dia"},"_links":{"self":[{"href":"https:\/\/migracao.redenoticia.com.br\/noticia\/wp-json\/wp\/v2\/posts\/246747","targetHints":{"allow":["GET"]}}],"collection":[{"href":"https:\/\/migracao.redenoticia.com.br\/noticia\/wp-json\/wp\/v2\/posts"}],"about":[{"href":"https:\/\/migracao.redenoticia.com.br\/noticia\/wp-json\/wp\/v2\/types\/post"}],"author":[{"embeddable":true,"href":"https:\/\/migracao.redenoticia.com.br\/noticia\/wp-json\/wp\/v2\/users\/5"}],"replies":[{"embeddable":true,"href":"https:\/\/migracao.redenoticia.com.br\/noticia\/wp-json\/wp\/v2\/comments?post=246747"}],"version-history":[{"count":0,"href":"https:\/\/migracao.redenoticia.com.br\/noticia\/wp-json\/wp\/v2\/posts\/246747\/revisions"}],"wp:featuredmedia":[{"embeddable":true,"href":"https:\/\/migracao.redenoticia.com.br\/noticia\/wp-json\/wp\/v2\/media\/244165"}],"wp:attachment":[{"href":"https:\/\/migracao.redenoticia.com.br\/noticia\/wp-json\/wp\/v2\/media?parent=246747"}],"wp:term":[{"taxonomy":"category","embeddable":true,"href":"https:\/\/migracao.redenoticia.com.br\/noticia\/wp-json\/wp\/v2\/categories?post=246747"},{"taxonomy":"post_tag","embeddable":true,"href":"https:\/\/migracao.redenoticia.com.br\/noticia\/wp-json\/wp\/v2\/tags?post=246747"}],"curies":[{"name":"wp","href":"https:\/\/api.w.org\/{rel}","templated":true}]}}