{"id":246762,"date":"2024-08-19T18:15:46","date_gmt":"2024-08-19T21:15:46","guid":{"rendered":"https:\/\/www.redenoticia.com.br\/noticia\/?p=246762"},"modified":"2024-08-19T18:15:46","modified_gmt":"2024-08-19T21:15:46","slug":"resumo-alma-gemea-20-08-rafael-pede-que-serena-volte-para-ele","status":"publish","type":"post","link":"https:\/\/migracao.redenoticia.com.br\/noticia\/2024\/resumo-alma-gemea-20-08-rafael-pede-que-serena-volte-para-ele\/246762","title":{"rendered":"Resumo &#8220;Alma G\u00eamea&#8221; 20\/08: Rafael pede que Serena volte para ele"},"content":{"rendered":"<p> <img loading=\"lazy\" decoding=\"async\" src=\"https:\/\/migracao.redenoticia.com.br\/noticia\/imagens\/resumo-alma-gemea-logo-novela.jpg\" alt=\"\" width=\"1280\" height=\"720\" class=\"aligncenter size-full wp-image-244166\" srcset=\"https:\/\/migracao.redenoticia.com.br\/noticia\/imagens\/resumo-alma-gemea-logo-novela.jpg 1280w, https:\/\/migracao.redenoticia.com.br\/noticia\/imagens\/resumo-alma-gemea-logo-novela-250x140.jpg 250w, https:\/\/migracao.redenoticia.com.br\/noticia\/imagens\/resumo-alma-gemea-logo-novela-400x225.jpg 400w, https:\/\/migracao.redenoticia.com.br\/noticia\/imagens\/resumo-alma-gemea-logo-novela-768x432.jpg 768w, https:\/\/migracao.redenoticia.com.br\/noticia\/imagens\/resumo-alma-gemea-logo-novela-150x85.jpg 150w\" sizes=\"auto, (max-width: 1280px) 100vw, 1280px\" \/><\/p>\n<p><em><strong>Resumo da novela &#8220;Alma G\u00eamea&#8221;<\/strong><\/em> em 20\/08: no cap\u00edtulo 080(*) da novela, Rafael fica furioso com Guto. Cristina chega \u00e0 cadeia para ver Guto e encontra Rafael. Ele que diz a ela que j\u00e1 sabe de tudo. Felipe pede perd\u00e3o a Mirella por ter se aproximado de K\u00e1tia, mas ela n\u00e3o quer v\u00ea-lo mais. Julian leva Alexandra para a casa de Adelaide. Mirella acusa K\u00e1tia de ter acabado com seu namoro, deixando Elias chocado. K\u00e1tia explica para Elias que separou Felipe de Mirella para conseguir o dinheiro do tratamento de Ritinha. Romeu se disfar\u00e7a de caipira e vai cortar seu cabelo com Roberval. Elias expulsa K\u00e1tia de casa. Serena aconselha Mirella a perdoar o erro de Felipe. Xavier entrega uma lima a Guto para ajud\u00e1-lo em sua fuga. Guto conta para Xavier que vai pegar as j\u00f3ias de Luna depois que sair da cadeia. Cristina mostra o exame que Dalila fez e diz a Rafael que aquela \u00e9 a confirma\u00e7\u00e3o de que est\u00e1 gr\u00e1vida. Vera fala para Eduardo que vai embora da cidade, pois se sente culpada demais por ter magoado Alexandra. Crispim v\u00ea K\u00e1tia chorando. Rafael pede que Serena volte para ele.<\/p>\n<p> Rafael conta a Serena que descobriu que foi enganado e pede que o perdoe. Serena diz que vai pensar. Eduardo tenta convencer Vera a n\u00e3o ir embora. D\u00e9bora aconselha Cristina a apelar para os bons sentimentos de Serena pedindo que abra m\u00e3o de Rafael. Alexandra ouve vozes que lhe mandam dar um aviso a Serena. K\u00e1tia conta para Crispim que Elias a expulsou de casa. Crispim a convida a se hospedar em sua casa. Roberval leva Romeu para se hospedar na pens\u00e3o de Divina. Vera garante a Rafael que ele n\u00e3o ser\u00e1 feliz se abandonar o filho que Cristina est\u00e1 esperando. Raul diz a Vit\u00f3rio que ficar\u00e1 no caixa do restaurante at\u00e9 Ol\u00edvia ficar boa da catapora. Vit\u00f3rio fica furioso, mas n\u00e3o sabe como expulsar Raul. Mirna fica radiante ao saber que K\u00e1tia vai morar com ela, pois ter\u00e1 algu\u00e9m para ajud\u00e1-la no servi\u00e7o de casa. Vera fala para Alexandra que pode ficar em seu apartamento. Alexandra agradece e abra\u00e7a Vera. Dalila exige que Cristina lhe d\u00ea dinheiro ou contar\u00e1 a Rafael que fez o exame de gravidez em seu lugar.<\/p>\n<p>(*) edi\u00e7\u00e3o das novelas da Globo, &#8220;Alma G\u00eamea&#8221;, sujeito a altera\u00e7\u00e3o de data e conte\u00fado.<\/p>\n<p>Sinopse &#8220;Alma G\u00eamea&#8221;: Rafael e Luna casam-se e t\u00eam um filho, mas a felicidade \u00e9 invejada por Cristina. Em um passeio, Rafael reage a um assalto e um dos ladr\u00f5es, que \u00e9 conhecido de Cristina, atira. Luna morre. Enquanto Rafael se desespera com a perda de Luna, em um lugar bem distante dali, nasce a menina Serena, filha de uma \u00edndia com um garimpeiro. Ela cresce em uma aldeia ind\u00edgena e tem vis\u00f5es. <\/p>\n<p>Vinte anos se passam da morte de Luna. Serena consegue trabalho como empregada na mans\u00e3o de Rafael. Serena tem em seu corpo uma marca de nascen\u00e7a, no mesmo lugar em que Luna levou o tiro. A trama segue envolta em mist\u00e9rios e marcada por fatos inexplic\u00e1veis. Rafael passa a acreditar que Serena \u00e9 de fato a reencarna\u00e7\u00e3o de Luna, se apaixona por ela e a pede em casamento. Cristina e sua m\u00e3e D\u00e9bora percebem que Serena representa uma amea\u00e7a, e a novela segue com as duas tramando de tudo para separar os dois. <\/p>\n","protected":false},"excerpt":{"rendered":"<p>Resumo da novela &#8220;Alma G\u00eamea&#8221; em 20\/08: no cap\u00edtulo 080(*) da novela, Rafael fica furioso com Guto. Cristina chega \u00e0 cadeia para ver Guto e encontra Rafael. Ele que diz a ela que j\u00e1 sabe de tudo. Felipe pede perd\u00e3o a Mirella por ter se aproximado de K\u00e1tia, mas ela n\u00e3o quer v\u00ea-lo mais. Julian [&hellip;]<\/p>\n","protected":false},"author":5,"featured_media":244165,"comment_status":"closed","ping_status":"closed","sticky":false,"template":"","format":"standard","meta":{"tdm_status":"","tdm_grid_status":"","footnotes":""},"categories":[2328,379,375,2025,343],"tags":[441],"class_list":{"0":"post-246762","1":"post","2":"type-post","3":"status-publish","4":"format-standard","5":"has-post-thumbnail","7":"category-alma-gemea","8":"category-novelas","9":"category-rede-globo","10":"category-resumo","11":"category-televisao","12":"tag-resumo-do-dia"},"_links":{"self":[{"href":"https:\/\/migracao.redenoticia.com.br\/noticia\/wp-json\/wp\/v2\/posts\/246762","targetHints":{"allow":["GET"]}}],"collection":[{"href":"https:\/\/migracao.redenoticia.com.br\/noticia\/wp-json\/wp\/v2\/posts"}],"about":[{"href":"https:\/\/migracao.redenoticia.com.br\/noticia\/wp-json\/wp\/v2\/types\/post"}],"author":[{"embeddable":true,"href":"https:\/\/migracao.redenoticia.com.br\/noticia\/wp-json\/wp\/v2\/users\/5"}],"replies":[{"embeddable":true,"href":"https:\/\/migracao.redenoticia.com.br\/noticia\/wp-json\/wp\/v2\/comments?post=246762"}],"version-history":[{"count":0,"href":"https:\/\/migracao.redenoticia.com.br\/noticia\/wp-json\/wp\/v2\/posts\/246762\/revisions"}],"wp:featuredmedia":[{"embeddable":true,"href":"https:\/\/migracao.redenoticia.com.br\/noticia\/wp-json\/wp\/v2\/media\/244165"}],"wp:attachment":[{"href":"https:\/\/migracao.redenoticia.com.br\/noticia\/wp-json\/wp\/v2\/media?parent=246762"}],"wp:term":[{"taxonomy":"category","embeddable":true,"href":"https:\/\/migracao.redenoticia.com.br\/noticia\/wp-json\/wp\/v2\/categories?post=246762"},{"taxonomy":"post_tag","embeddable":true,"href":"https:\/\/migracao.redenoticia.com.br\/noticia\/wp-json\/wp\/v2\/tags?post=246762"}],"curies":[{"name":"wp","href":"https:\/\/api.w.org\/{rel}","templated":true}]}}