{"id":246787,"date":"2024-08-20T15:26:03","date_gmt":"2024-08-20T18:26:03","guid":{"rendered":"https:\/\/www.redenoticia.com.br\/noticia\/?p=246787"},"modified":"2024-08-20T15:26:03","modified_gmt":"2024-08-20T18:26:03","slug":"resumo-cheias-de-charme-21-08-samuel-flagra-penha-e-gilson-juntos","status":"publish","type":"post","link":"https:\/\/migracao.redenoticia.com.br\/noticia\/2024\/resumo-cheias-de-charme-21-08-samuel-flagra-penha-e-gilson-juntos\/246787","title":{"rendered":"Resumo &#8220;Cheias de Charme&#8221; 21\/08: Samuel flagra Penha e Gilson juntos"},"content":{"rendered":"<p> <img loading=\"lazy\" decoding=\"async\" src=\"https:\/\/migracao.redenoticia.com.br\/noticia\/imagens\/cheias-de-charme-resumo-novela.jpg\" alt=\"\" width=\"1280\" height=\"720\" class=\"aligncenter size-full wp-image-243085\" srcset=\"https:\/\/migracao.redenoticia.com.br\/noticia\/imagens\/cheias-de-charme-resumo-novela.jpg 1280w, https:\/\/migracao.redenoticia.com.br\/noticia\/imagens\/cheias-de-charme-resumo-novela-250x140.jpg 250w, https:\/\/migracao.redenoticia.com.br\/noticia\/imagens\/cheias-de-charme-resumo-novela-400x225.jpg 400w, https:\/\/migracao.redenoticia.com.br\/noticia\/imagens\/cheias-de-charme-resumo-novela-768x432.jpg 768w, https:\/\/migracao.redenoticia.com.br\/noticia\/imagens\/cheias-de-charme-resumo-novela-150x85.jpg 150w\" sizes=\"auto, (max-width: 1280px) 100vw, 1280px\" \/> <\/p>\n<p><em><strong>Resumo da novela &#8220;Cheias de Charme&#8221;<\/strong><\/em> em 21\/08: no cap\u00edtulo 126(*) da novela, Ros\u00e1rio fica furiosa com In\u00e1cio. Fabian entra em p\u00e2nico ao ver que est\u00e1 no palco. Tom tenta contornar a situa\u00e7\u00e3o com os jornalistas, mas Chayene atrapalha a entrevista. As fabian\u00e1ticas correm atr\u00e1s de Chayene. Tom afirma a In\u00e1cio que a vida dele n\u00e3o ser\u00e1 mais a mesma. Lygia reclama por Penha ter mentido para ela sobre Gilson. Humberto declara seu amor a Ariela. Gentil diz que descobrir\u00e1 tudo sobre o s\u00f3sia de Fabian. In\u00e1cio fala para Romana que n\u00e3o tem medo de D\u00e1lia. Ros\u00e1rio demite Tom.<\/p>\n<p>Ariela e Isadora se preocupam com o comportamento de S\u00f4nia. Niltinho conversa com Rodinei sobre a inaugura\u00e7\u00e3o da Galehip. Cida se incomoda com os insultos que Conrado faz a Elano. Samuel flagra Penha e Gilson juntos. In\u00e1cio fica arrasado com a possibilidade de Ros\u00e1rio n\u00e3o perdo\u00e1-lo. S\u00f4nia se irrita de ter que ir \u00e0 inaugura\u00e7\u00e3o da Galehip com Gracinha. Chayene chega em casa e fica chocada ao ver Socorro produzida ao lado de La\u00e9rcio. Todos se surpreendem ao saber que Rodinei \u00e9 o novo dono da Galehip.<\/p>\n<p>(*) edi\u00e7\u00e3o das novelas da Globo, &#8220;Cheias de Charme&#8221;, sujeito a altera\u00e7\u00e3o de data e conte\u00fado.<\/p>\n<p>Sinopse \u201cCheias de Charme\u201d: Penha se apaixona por Gilson. O que ela desconhece \u00e9 que o gal\u00e3 \u00e9 uma antiga paix\u00e3o de juventude de Lygia e o verdadeiro pai de Samuel. Ap\u00f3s conquistar os holofotes, Ros\u00e1rio decide investir em sua carreira como cantora solo. Separada de In\u00e1cio devido a uma arma\u00e7\u00e3o de Fabian e Tom Bastos, ela aceita fazer uma turn\u00ea ao lado do pr\u00edncipe das dom\u00e9sticas, mas Chayene, revoltada com o suposto romance entre o cantor e sua rival, acaba desfigurando o rosto de Fabian ao lhe atirar um prato de sopa quente. <\/p>\n<p>Para n\u00e3o prejudicar os contratos que assinou, Tom Bastos convence In\u00e1cio a se passar por Fabian nos palcos enquanto \u00e9 dublado pelo original. Cida descobre que o ex-patr\u00e3o \u00e9 seu verdadeiro pai. Ernani leva Cida de volta para a mans\u00e3o. Agora \u00e9 ela quem sustenta a casa e d\u00e1 as carta ali, estremecendo o casamento j\u00e1 abalado entre Isadora e Conrado. No entanto, essa reaproxima\u00e7\u00e3o de Cida com os Sarmentos lhe custa o fim de seu namoro com o \u00edntegro advogado Elano.<\/p>\n","protected":false},"excerpt":{"rendered":"<p>Resumo da novela &#8220;Cheias de Charme&#8221; em 21\/08: no cap\u00edtulo 126(*) da novela, Ros\u00e1rio fica furiosa com In\u00e1cio. Fabian entra em p\u00e2nico ao ver que est\u00e1 no palco. Tom tenta contornar a situa\u00e7\u00e3o com os jornalistas, mas Chayene atrapalha a entrevista. As fabian\u00e1ticas correm atr\u00e1s de Chayene. Tom afirma a In\u00e1cio que a vida dele [&hellip;]<\/p>\n","protected":false},"author":2,"featured_media":243086,"comment_status":"closed","ping_status":"closed","sticky":false,"template":"","format":"standard","meta":{"tdm_status":"","tdm_grid_status":"","footnotes":""},"categories":[2325,379,375,2025,343],"tags":[441],"class_list":{"0":"post-246787","1":"post","2":"type-post","3":"status-publish","4":"format-standard","5":"has-post-thumbnail","7":"category-cheias-de-charme","8":"category-novelas","9":"category-rede-globo","10":"category-resumo","11":"category-televisao","12":"tag-resumo-do-dia"},"_links":{"self":[{"href":"https:\/\/migracao.redenoticia.com.br\/noticia\/wp-json\/wp\/v2\/posts\/246787","targetHints":{"allow":["GET"]}}],"collection":[{"href":"https:\/\/migracao.redenoticia.com.br\/noticia\/wp-json\/wp\/v2\/posts"}],"about":[{"href":"https:\/\/migracao.redenoticia.com.br\/noticia\/wp-json\/wp\/v2\/types\/post"}],"author":[{"embeddable":true,"href":"https:\/\/migracao.redenoticia.com.br\/noticia\/wp-json\/wp\/v2\/users\/2"}],"replies":[{"embeddable":true,"href":"https:\/\/migracao.redenoticia.com.br\/noticia\/wp-json\/wp\/v2\/comments?post=246787"}],"version-history":[{"count":0,"href":"https:\/\/migracao.redenoticia.com.br\/noticia\/wp-json\/wp\/v2\/posts\/246787\/revisions"}],"wp:featuredmedia":[{"embeddable":true,"href":"https:\/\/migracao.redenoticia.com.br\/noticia\/wp-json\/wp\/v2\/media\/243086"}],"wp:attachment":[{"href":"https:\/\/migracao.redenoticia.com.br\/noticia\/wp-json\/wp\/v2\/media?parent=246787"}],"wp:term":[{"taxonomy":"category","embeddable":true,"href":"https:\/\/migracao.redenoticia.com.br\/noticia\/wp-json\/wp\/v2\/categories?post=246787"},{"taxonomy":"post_tag","embeddable":true,"href":"https:\/\/migracao.redenoticia.com.br\/noticia\/wp-json\/wp\/v2\/tags?post=246787"}],"curies":[{"name":"wp","href":"https:\/\/api.w.org\/{rel}","templated":true}]}}