{"id":246789,"date":"2024-08-20T15:27:21","date_gmt":"2024-08-20T18:27:21","guid":{"rendered":"https:\/\/www.redenoticia.com.br\/noticia\/?p=246789"},"modified":"2024-08-20T15:27:21","modified_gmt":"2024-08-20T18:27:21","slug":"resumo-alma-gemea-21-08-o-oficial-leva-a-intimacao-para-olivia","status":"publish","type":"post","link":"https:\/\/migracao.redenoticia.com.br\/noticia\/2024\/resumo-alma-gemea-21-08-o-oficial-leva-a-intimacao-para-olivia\/246789","title":{"rendered":"Resumo &#8220;Alma G\u00eamea&#8221; 21\/08: O oficial leva a intima\u00e7\u00e3o para Ol\u00edvia"},"content":{"rendered":"<p> <img loading=\"lazy\" decoding=\"async\" src=\"https:\/\/migracao.redenoticia.com.br\/noticia\/imagens\/resumo-alma-gemea-logo-novela.jpg\" alt=\"\" width=\"1280\" height=\"720\" class=\"aligncenter size-full wp-image-244166\" srcset=\"https:\/\/migracao.redenoticia.com.br\/noticia\/imagens\/resumo-alma-gemea-logo-novela.jpg 1280w, https:\/\/migracao.redenoticia.com.br\/noticia\/imagens\/resumo-alma-gemea-logo-novela-250x140.jpg 250w, https:\/\/migracao.redenoticia.com.br\/noticia\/imagens\/resumo-alma-gemea-logo-novela-400x225.jpg 400w, https:\/\/migracao.redenoticia.com.br\/noticia\/imagens\/resumo-alma-gemea-logo-novela-768x432.jpg 768w, https:\/\/migracao.redenoticia.com.br\/noticia\/imagens\/resumo-alma-gemea-logo-novela-150x85.jpg 150w\" sizes=\"auto, (max-width: 1280px) 100vw, 1280px\" \/><\/p>\n<p><em><strong>Resumo da novela &#8220;Alma G\u00eamea&#8221;<\/strong><\/em> em 21\/08: no cap\u00edtulo 081(*) da novela, Dalila fala para Cristina que quer dinheiro para comprar a casa onde funciona a pens\u00e3o. Cristina garante a Dalila que lhe dar\u00e1 o dinheiro depois que se casar com Rafael. Vera vai embora da cidade. Cristina pede a Serena para n\u00e3o deixar seu filho ser criado sem um pai. Serena fica angustiada. Vit\u00f3rio diz a Ol\u00edvia que ela precisa controlar Raul ou ele tomar\u00e1 conta do restaurante. Ter\u00ea conta para Serena que foi muito dif\u00edcil crescer sem ter um pai. Generosa fica nervosa ao saber que h\u00e1 um homem chamado Romeu hospedado na pens\u00e3o de Divina. Romeu \u00e9 galanteador com Divina e Osvaldo n\u00e3o gosta. Alexandra exige que Eduardo lhe prove que esqueceu Vera. K\u00e1tia sofre com o trabalho pesado no s\u00edtio de Crispim. Ol\u00edvia fala para Raul que n\u00e3o estava doente de verdade. Vit\u00f3rio e Ol\u00edvia expulsam Raul do restaurante. Ermelino observa tudo. Felipe pede para conversar com Mirella. Dalila fala para Roberval que ele deve ter cometido algum crime, pois o delegado fez perguntas sobre ele. Serena diz a Rafael que j\u00e1 tem uma resposta.<\/p>\n<p> Serena diz a Rafael que n\u00e3o pode afast\u00e1-lo do filho que vai ter com Cristina. Mirella pergunta a Felipe por que se aproximou de K\u00e1tia e ele confessa que se sentiu atra\u00eddo. Mirella fica chocada e termina definitivamente com Felipe. Serena fala para Rafael que ele ainda ama Luna , que n\u00e3o se deu conta de que ela, embora seja sua reencarna\u00e7\u00e3o \u00e9 uma pessoa diferente e que, por isso, n\u00e3o pode ficar com ele, deixando-o arrasado. Alexandra diz a Julian que quer muito se curar para reconquistar Eduardo. Rafael pergunta a Cristina se ela o enganou por amor ou por dinheiro. Cristina afirma para Rafael que o ama. Ermelino fala para Raul que Ol\u00edvia ter\u00e1 que receber o oficial de justi\u00e7a, pois declarou publicamente que n\u00e3o tem catapora. O oficial leva a intima\u00e7\u00e3o para Ol\u00edvia. Romeu faz perguntas a Roberval sobre sua inf\u00e2ncia. Rafael fala para Cristina que vai se casar com ela para dar um nome ao seu filho, mas que jamais viver\u00e3o como marido e mulher.<\/p>\n<p>(*) edi\u00e7\u00e3o das novelas da Globo, &#8220;Alma G\u00eamea&#8221;, sujeito a altera\u00e7\u00e3o de data e conte\u00fado.<\/p>\n<p>Sinopse &#8220;Alma G\u00eamea&#8221;: Rafael e Luna casam-se e t\u00eam um filho, mas a felicidade \u00e9 invejada por Cristina. Em um passeio, Rafael reage a um assalto e um dos ladr\u00f5es, que \u00e9 conhecido de Cristina, atira. Luna morre. Enquanto Rafael se desespera com a perda de Luna, em um lugar bem distante dali, nasce a menina Serena, filha de uma \u00edndia com um garimpeiro. Ela cresce em uma aldeia ind\u00edgena e tem vis\u00f5es. <\/p>\n<p>Vinte anos se passam da morte de Luna. Serena consegue trabalho como empregada na mans\u00e3o de Rafael. Serena tem em seu corpo uma marca de nascen\u00e7a, no mesmo lugar em que Luna levou o tiro. A trama segue envolta em mist\u00e9rios e marcada por fatos inexplic\u00e1veis. Rafael passa a acreditar que Serena \u00e9 de fato a reencarna\u00e7\u00e3o de Luna, se apaixona por ela e a pede em casamento. Cristina e sua m\u00e3e D\u00e9bora percebem que Serena representa uma amea\u00e7a, e a novela segue com as duas tramando de tudo para separar os dois.<\/p>\n","protected":false},"excerpt":{"rendered":"<p>Resumo da novela &#8220;Alma G\u00eamea&#8221; em 21\/08: no cap\u00edtulo 081(*) da novela, Dalila fala para Cristina que quer dinheiro para comprar a casa onde funciona a pens\u00e3o. Cristina garante a Dalila que lhe dar\u00e1 o dinheiro depois que se casar com Rafael. Vera vai embora da cidade. Cristina pede a Serena para n\u00e3o deixar seu [&hellip;]<\/p>\n","protected":false},"author":5,"featured_media":244165,"comment_status":"closed","ping_status":"closed","sticky":false,"template":"","format":"standard","meta":{"tdm_status":"","tdm_grid_status":"","footnotes":""},"categories":[2328,379,375,2025,343],"tags":[441],"class_list":{"0":"post-246789","1":"post","2":"type-post","3":"status-publish","4":"format-standard","5":"has-post-thumbnail","7":"category-alma-gemea","8":"category-novelas","9":"category-rede-globo","10":"category-resumo","11":"category-televisao","12":"tag-resumo-do-dia"},"_links":{"self":[{"href":"https:\/\/migracao.redenoticia.com.br\/noticia\/wp-json\/wp\/v2\/posts\/246789","targetHints":{"allow":["GET"]}}],"collection":[{"href":"https:\/\/migracao.redenoticia.com.br\/noticia\/wp-json\/wp\/v2\/posts"}],"about":[{"href":"https:\/\/migracao.redenoticia.com.br\/noticia\/wp-json\/wp\/v2\/types\/post"}],"author":[{"embeddable":true,"href":"https:\/\/migracao.redenoticia.com.br\/noticia\/wp-json\/wp\/v2\/users\/5"}],"replies":[{"embeddable":true,"href":"https:\/\/migracao.redenoticia.com.br\/noticia\/wp-json\/wp\/v2\/comments?post=246789"}],"version-history":[{"count":0,"href":"https:\/\/migracao.redenoticia.com.br\/noticia\/wp-json\/wp\/v2\/posts\/246789\/revisions"}],"wp:featuredmedia":[{"embeddable":true,"href":"https:\/\/migracao.redenoticia.com.br\/noticia\/wp-json\/wp\/v2\/media\/244165"}],"wp:attachment":[{"href":"https:\/\/migracao.redenoticia.com.br\/noticia\/wp-json\/wp\/v2\/media?parent=246789"}],"wp:term":[{"taxonomy":"category","embeddable":true,"href":"https:\/\/migracao.redenoticia.com.br\/noticia\/wp-json\/wp\/v2\/categories?post=246789"},{"taxonomy":"post_tag","embeddable":true,"href":"https:\/\/migracao.redenoticia.com.br\/noticia\/wp-json\/wp\/v2\/tags?post=246789"}],"curies":[{"name":"wp","href":"https:\/\/api.w.org\/{rel}","templated":true}]}}