{"id":246818,"date":"2024-08-21T15:38:17","date_gmt":"2024-08-21T18:38:17","guid":{"rendered":"https:\/\/www.redenoticia.com.br\/noticia\/?p=246818"},"modified":"2024-08-21T15:38:17","modified_gmt":"2024-08-21T18:38:17","slug":"resumo-contigo-sim-22-08-alvaro-confessa-a-candida-que-ja-a-perdoou","status":"publish","type":"post","link":"https:\/\/migracao.redenoticia.com.br\/noticia\/2024\/resumo-contigo-sim-22-08-alvaro-confessa-a-candida-que-ja-a-perdoou\/246818","title":{"rendered":"Resumo \u201cContigo Sim\u201d 22\/08: \u00c1lvaro confessa a C\u00e2ndida que j\u00e1 a perdoou"},"content":{"rendered":"<p> <img loading=\"lazy\" decoding=\"async\" src=\"https:\/\/migracao.redenoticia.com.br\/noticia\/imagens\/novela-contigo-sim-capitulo-resumo.jpg\" alt=\"\" width=\"1280\" height=\"720\" class=\"aligncenter size-full wp-image-243831\" srcset=\"https:\/\/migracao.redenoticia.com.br\/noticia\/imagens\/novela-contigo-sim-capitulo-resumo.jpg 1280w, https:\/\/migracao.redenoticia.com.br\/noticia\/imagens\/novela-contigo-sim-capitulo-resumo-250x140.jpg 250w, https:\/\/migracao.redenoticia.com.br\/noticia\/imagens\/novela-contigo-sim-capitulo-resumo-400x225.jpg 400w, https:\/\/migracao.redenoticia.com.br\/noticia\/imagens\/novela-contigo-sim-capitulo-resumo-768x432.jpg 768w, https:\/\/migracao.redenoticia.com.br\/noticia\/imagens\/novela-contigo-sim-capitulo-resumo-150x85.jpg 150w\" sizes=\"auto, (max-width: 1280px) 100vw, 1280px\" \/>    <\/p>\n<p><strong><em>Resumo da novela \u201cContigo Sim\u201d<\/em><\/strong> em 22\/08: no cap\u00edtulo 089(*) da novela, C\u00e2ndida revela a Clarita que quando os pais de \u00c1lvaro descobriram que ela estava gr\u00e1vida, negociaram que desistiriam do processo contra ela em troca de ela lhes dar o beb\u00ea, ent\u00e3o ela aceitou que Leonardo descobrisse o que Samanta fez com \u00c1ngela e Oscar faz. uma revela\u00e7\u00e3o para Eddie sobre seu chefe. Don Gerardo aceita a proposta de \u00c1ngela e passa a morar no bairro, Eddie pede a Oscar para n\u00e3o ser c\u00famplice de Samanta e Mirta descobre que a filha de Gerardo atentado contra a vida do beb\u00ea de \u00c1ngela. <\/p>\n<p>Ap\u00f3s descobrir que Alma est\u00e1 esperando um filho, Leonardo decide abandonar a ideia de pedir o div\u00f3rcio \u00e0 esposa e se compromete a dar a ela e ao beb\u00ea um lar feliz. Mirta pede ajuda a Samanta para se livrar do corpo do inspetor. mas em troca ela pede a carta que deixaram para Leonardo. <\/p>\n<p>\u00c1lvaro confessa a C\u00e2ndida que j\u00e1 a perdoou e agradece-lhe por lhe ter dado a pessoa que mais amou na sua vida, por isso ela pede-lhes que aproveitem o tempo que n\u00e3o estiveram juntos. C\u00e2ndida morre depois de pedir \u00e0 filha, Samanta. , por perd\u00e3o. Ela est\u00e1 disposta a manter a carta de Leonardo como garantia caso Mirta a traia. Clarita garante a \u00c1lvaro que lhe \u00e9 muito dif\u00edcil v\u00ea-lo como pai quando cresceu toda a vida com a ideia de que ele era seu irm\u00e3o. Adela, ao ver que o nascimento do neto est\u00e1 pr\u00f3ximo, d\u00e1-lhe um presente, enchendo-o. \u00c1lvaro emocionado com sua filha \u00c2ngela.  Oscar amea\u00e7a Samanta de revelar tudo o que sabe sobre ela, Adela \u00e9 condenada \u00e0 pris\u00e3o e a bolsa d&#8217;\u00e1gua de \u00c1ngela rompe e seu beb\u00ea est\u00e1 prestes a nascer, Leonardo n\u00e3o hesita em ajud\u00e1-la.<\/p>\n<p>(*) edi\u00e7\u00e3o das novelas do SBT, \u201cContigo Sim\u201d, sujeito a altera\u00e7\u00e3o de data e conte\u00fado.<\/p>\n<p>Sinopse: \u201cContigo Sim\u201d conta a hist\u00f3ria de \u00c1ngela (Alejandra Robles Gil), que \u00e9 enfermeira e estudante de medicina. Ela \u00e9 seduzida por \u00c1lvaro (Danilo Carrera), um jovem ambicioso que visita sua cidade em viagem de neg\u00f3cios para construir um hospital. \u00c1ngela e \u00c1lvaro se casam, mas ele a abandona e volta para a Cidade do M\u00e9xico, onde fica noivo de Samantha (B\u00e1rbara Islas) e se casa com ela tamb\u00e9m. \u00c1ngela decide ir para a Cidade do M\u00e9xico em busca de \u00c1lvaro, ela descobre o engano e conhece Leonardo (Brandon Peniche), um m\u00e9dico que se apaixona por ela e passa a ser seu protetor. \u00c1ngela lutar\u00e1 incansavelmente contra as adversidades do destino, na busca pelo amor verdadeiro. <\/p>\n","protected":false},"excerpt":{"rendered":"<p>Resumo da novela \u201cContigo Sim\u201d em 22\/08: no cap\u00edtulo 089(*) da novela, C\u00e2ndida revela a Clarita que quando os pais de \u00c1lvaro descobriram que ela estava gr\u00e1vida, negociaram que desistiriam do processo contra ela em troca de ela lhes dar o beb\u00ea, ent\u00e3o ela aceitou que Leonardo descobrisse o que Samanta fez com \u00c1ngela e [&hellip;]<\/p>\n","protected":false},"author":3,"featured_media":243830,"comment_status":"closed","ping_status":"closed","sticky":false,"template":"","format":"standard","meta":{"tdm_status":"","tdm_grid_status":"","footnotes":""},"categories":[2327,379,2025,372,343],"tags":[441],"class_list":{"0":"post-246818","1":"post","2":"type-post","3":"status-publish","4":"format-standard","5":"has-post-thumbnail","7":"category-contigo-sim","8":"category-novelas","9":"category-resumo","10":"category-sbt","11":"category-televisao","12":"tag-resumo-do-dia"},"_links":{"self":[{"href":"https:\/\/migracao.redenoticia.com.br\/noticia\/wp-json\/wp\/v2\/posts\/246818","targetHints":{"allow":["GET"]}}],"collection":[{"href":"https:\/\/migracao.redenoticia.com.br\/noticia\/wp-json\/wp\/v2\/posts"}],"about":[{"href":"https:\/\/migracao.redenoticia.com.br\/noticia\/wp-json\/wp\/v2\/types\/post"}],"author":[{"embeddable":true,"href":"https:\/\/migracao.redenoticia.com.br\/noticia\/wp-json\/wp\/v2\/users\/3"}],"replies":[{"embeddable":true,"href":"https:\/\/migracao.redenoticia.com.br\/noticia\/wp-json\/wp\/v2\/comments?post=246818"}],"version-history":[{"count":0,"href":"https:\/\/migracao.redenoticia.com.br\/noticia\/wp-json\/wp\/v2\/posts\/246818\/revisions"}],"wp:featuredmedia":[{"embeddable":true,"href":"https:\/\/migracao.redenoticia.com.br\/noticia\/wp-json\/wp\/v2\/media\/243830"}],"wp:attachment":[{"href":"https:\/\/migracao.redenoticia.com.br\/noticia\/wp-json\/wp\/v2\/media?parent=246818"}],"wp:term":[{"taxonomy":"category","embeddable":true,"href":"https:\/\/migracao.redenoticia.com.br\/noticia\/wp-json\/wp\/v2\/categories?post=246818"},{"taxonomy":"post_tag","embeddable":true,"href":"https:\/\/migracao.redenoticia.com.br\/noticia\/wp-json\/wp\/v2\/tags?post=246818"}],"curies":[{"name":"wp","href":"https:\/\/api.w.org\/{rel}","templated":true}]}}