{"id":246824,"date":"2024-08-21T15:41:57","date_gmt":"2024-08-21T18:41:57","guid":{"rendered":"https:\/\/www.redenoticia.com.br\/noticia\/?p=246824"},"modified":"2024-08-21T15:41:57","modified_gmt":"2024-08-21T18:41:57","slug":"resumo-alma-gemea-22-08-raul-pede-que-jorge-seja-seu-espiao","status":"publish","type":"post","link":"https:\/\/migracao.redenoticia.com.br\/noticia\/2024\/resumo-alma-gemea-22-08-raul-pede-que-jorge-seja-seu-espiao\/246824","title":{"rendered":"Resumo &#8220;Alma G\u00eamea&#8221; 22\/08: Raul pede que Jorge seja seu espi\u00e3o"},"content":{"rendered":"<p> <img loading=\"lazy\" decoding=\"async\" src=\"https:\/\/migracao.redenoticia.com.br\/noticia\/imagens\/resumo-alma-gemea-logo-novela.jpg\" alt=\"\" width=\"1280\" height=\"720\" class=\"aligncenter size-full wp-image-244166\" srcset=\"https:\/\/migracao.redenoticia.com.br\/noticia\/imagens\/resumo-alma-gemea-logo-novela.jpg 1280w, https:\/\/migracao.redenoticia.com.br\/noticia\/imagens\/resumo-alma-gemea-logo-novela-250x140.jpg 250w, https:\/\/migracao.redenoticia.com.br\/noticia\/imagens\/resumo-alma-gemea-logo-novela-400x225.jpg 400w, https:\/\/migracao.redenoticia.com.br\/noticia\/imagens\/resumo-alma-gemea-logo-novela-768x432.jpg 768w, https:\/\/migracao.redenoticia.com.br\/noticia\/imagens\/resumo-alma-gemea-logo-novela-150x85.jpg 150w\" sizes=\"auto, (max-width: 1280px) 100vw, 1280px\" \/><\/p>\n<p><em><strong>Resumo da novela &#8220;Alma G\u00eamea&#8221;<\/strong><\/em> em 22\/08: no cap\u00edtulo 082(*) da novela, Rafael se recusa a se casar na igreja. Cristina aceita as condi\u00e7\u00f5es de Rafael, mas se sente humilhada. Ol\u00edvia \u00e9 obrigada a assinar a intima\u00e7\u00e3o. Romeu conta para Roberval que \u00e9 fazendeiro. Roberval acha que Romeu est\u00e1 brincando, pois um fazendeiro jamais ficaria numa pens\u00e3o t\u00e3o pobre. Ab\u00edlio fala para Ol\u00edvia que o juiz da audi\u00eancia de reconcilia\u00e7\u00e3o \u00e9 tradicional e certamente ficar\u00e1 do lado de Raul. Cristina sente vontade de desistir do casamento. D\u00e9bora garante a Cristina que ela acabar\u00e1 conquistando Rafael depois que se casarem. K\u00e1tia vai dar comida aos porcos e se suja de lama. Raul pede que Jorge seja seu espi\u00e3o. Cristina fica com raiva ao ver o vestido de noiva com o qual se casaria na igreja e o rasga. Julian diz a Eduardo que Alexandra quer se curar por ele e pede que n\u00e3o a repudie para n\u00e3o desencoraj\u00e1-la. Romeu entra na sorveteria de Generosa que se esconde atr\u00e1s do balc\u00e3o ao v\u00ea-lo.<\/p>\n<p> Julian faz Serena se lembrar do momento em que Luna ganhou as j\u00f3ias de Adelaide. Serena conta para Julian que ficou feliz mas, ao mesmo tempo, teve uma sensa\u00e7\u00e3o ruim. Ol\u00edvia pede a Jorge para descobrir se Raul est\u00e1 tentando tramar algo para tomar conta do restaurante. Jorge concorda e depois se pergunta como vai fazer para enganar todos ao mesmo tempo. Ciro comenta com Julian que acha estranho que as j\u00f3ias que foram roubadas de Luna nunca tenham sido vendidas. Mirella decide se vingar de Felipe. Romeu fala para Roberval que compra j\u00f3ias para revend\u00ea-las e pergunta se tem alguma. Dalila acha que Romeu pode ser um investigador e, como acha que Roberval roubou a j\u00f3ia que ganhou quando era beb\u00ea, o pro\u00edbe de mencion\u00e1-la. Alexandra diz a Serena que tem algo a dizer sobre o beb\u00ea de Cristina. Serena garante que n\u00e3o \u00e9 necess\u00e1rio, pois j\u00e1 tomou sua decis\u00e3o. Cristina exige que Raul compre a casa da pens\u00e3o e coloque Serena e todos os outros na rua.<\/p>\n<p>(*) edi\u00e7\u00e3o das novelas da Globo, &#8220;Alma G\u00eamea&#8221;, sujeito a altera\u00e7\u00e3o de data e conte\u00fado.<\/p>\n<p>Sinopse &#8220;Alma G\u00eamea&#8221;: Rafael e Luna casam-se e t\u00eam um filho, mas a felicidade \u00e9 invejada por Cristina. Em um passeio, Rafael reage a um assalto e um dos ladr\u00f5es, que \u00e9 conhecido de Cristina, atira. Luna morre. Enquanto Rafael se desespera com a perda de Luna, em um lugar bem distante dali, nasce a menina Serena, filha de uma \u00edndia com um garimpeiro. Ela cresce em uma aldeia ind\u00edgena e tem vis\u00f5es. <\/p>\n<p>Vinte anos se passam da morte de Luna. Serena consegue trabalho como empregada na mans\u00e3o de Rafael. Serena tem em seu corpo uma marca de nascen\u00e7a, no mesmo lugar em que Luna levou o tiro. A trama segue envolta em mist\u00e9rios e marcada por fatos inexplic\u00e1veis. Rafael passa a acreditar que Serena \u00e9 de fato a reencarna\u00e7\u00e3o de Luna, se apaixona por ela e a pede em casamento. Cristina e sua m\u00e3e D\u00e9bora percebem que Serena representa uma amea\u00e7a, e a novela segue com as duas tramando de tudo para separar os dois.<\/p>\n","protected":false},"excerpt":{"rendered":"<p>Resumo da novela &#8220;Alma G\u00eamea&#8221; em 22\/08: no cap\u00edtulo 082(*) da novela, Rafael se recusa a se casar na igreja. Cristina aceita as condi\u00e7\u00f5es de Rafael, mas se sente humilhada. Ol\u00edvia \u00e9 obrigada a assinar a intima\u00e7\u00e3o. Romeu conta para Roberval que \u00e9 fazendeiro. Roberval acha que Romeu est\u00e1 brincando, pois um fazendeiro jamais ficaria [&hellip;]<\/p>\n","protected":false},"author":5,"featured_media":244165,"comment_status":"closed","ping_status":"closed","sticky":false,"template":"","format":"standard","meta":{"tdm_status":"","tdm_grid_status":"","footnotes":""},"categories":[2328,379,375,2025,343],"tags":[441],"class_list":{"0":"post-246824","1":"post","2":"type-post","3":"status-publish","4":"format-standard","5":"has-post-thumbnail","7":"category-alma-gemea","8":"category-novelas","9":"category-rede-globo","10":"category-resumo","11":"category-televisao","12":"tag-resumo-do-dia"},"_links":{"self":[{"href":"https:\/\/migracao.redenoticia.com.br\/noticia\/wp-json\/wp\/v2\/posts\/246824","targetHints":{"allow":["GET"]}}],"collection":[{"href":"https:\/\/migracao.redenoticia.com.br\/noticia\/wp-json\/wp\/v2\/posts"}],"about":[{"href":"https:\/\/migracao.redenoticia.com.br\/noticia\/wp-json\/wp\/v2\/types\/post"}],"author":[{"embeddable":true,"href":"https:\/\/migracao.redenoticia.com.br\/noticia\/wp-json\/wp\/v2\/users\/5"}],"replies":[{"embeddable":true,"href":"https:\/\/migracao.redenoticia.com.br\/noticia\/wp-json\/wp\/v2\/comments?post=246824"}],"version-history":[{"count":0,"href":"https:\/\/migracao.redenoticia.com.br\/noticia\/wp-json\/wp\/v2\/posts\/246824\/revisions"}],"wp:featuredmedia":[{"embeddable":true,"href":"https:\/\/migracao.redenoticia.com.br\/noticia\/wp-json\/wp\/v2\/media\/244165"}],"wp:attachment":[{"href":"https:\/\/migracao.redenoticia.com.br\/noticia\/wp-json\/wp\/v2\/media?parent=246824"}],"wp:term":[{"taxonomy":"category","embeddable":true,"href":"https:\/\/migracao.redenoticia.com.br\/noticia\/wp-json\/wp\/v2\/categories?post=246824"},{"taxonomy":"post_tag","embeddable":true,"href":"https:\/\/migracao.redenoticia.com.br\/noticia\/wp-json\/wp\/v2\/tags?post=246824"}],"curies":[{"name":"wp","href":"https:\/\/api.w.org\/{rel}","templated":true}]}}