{"id":246852,"date":"2024-08-22T13:58:08","date_gmt":"2024-08-22T16:58:08","guid":{"rendered":"https:\/\/www.redenoticia.com.br\/noticia\/?p=246852"},"modified":"2024-08-22T13:58:08","modified_gmt":"2024-08-22T16:58:08","slug":"resumo-alma-gemea-23-08-cristina-se-apronta-para-o-casamento","status":"publish","type":"post","link":"https:\/\/migracao.redenoticia.com.br\/noticia\/2024\/resumo-alma-gemea-23-08-cristina-se-apronta-para-o-casamento\/246852","title":{"rendered":"Resumo &#8220;Alma G\u00eamea&#8221; 23\/08: Cristina se apronta para o casamento"},"content":{"rendered":"<p> <img loading=\"lazy\" decoding=\"async\" src=\"https:\/\/migracao.redenoticia.com.br\/noticia\/imagens\/resumo-alma-gemea-logo-novela.jpg\" alt=\"\" width=\"1280\" height=\"720\" class=\"aligncenter size-full wp-image-244166\" srcset=\"https:\/\/migracao.redenoticia.com.br\/noticia\/imagens\/resumo-alma-gemea-logo-novela.jpg 1280w, https:\/\/migracao.redenoticia.com.br\/noticia\/imagens\/resumo-alma-gemea-logo-novela-250x140.jpg 250w, https:\/\/migracao.redenoticia.com.br\/noticia\/imagens\/resumo-alma-gemea-logo-novela-400x225.jpg 400w, https:\/\/migracao.redenoticia.com.br\/noticia\/imagens\/resumo-alma-gemea-logo-novela-768x432.jpg 768w, https:\/\/migracao.redenoticia.com.br\/noticia\/imagens\/resumo-alma-gemea-logo-novela-150x85.jpg 150w\" sizes=\"auto, (max-width: 1280px) 100vw, 1280px\" \/><\/p>\n<p><em><strong>Resumo da novela &#8220;Alma G\u00eamea&#8221;<\/strong><\/em> em 23\/08: no cap\u00edtulo 083(*) da novela, Felipe e H\u00e9lio tentam achar a pessoa que jogou uma pedra em Rafael. Rafael confessa a Serena que tentou transform\u00e1-la em Luna e pede perd\u00e3o. Serena fica emocionada, mas deixa claro que n\u00e3o podem mais ficar juntos. Cristina critica Rafael por n\u00e3o esquecer Luna. Rafael fala para ela nunca tentar competir com Luna, deixando-a furiosa. Ciro levanta a suspeita de Guto ter um c\u00famplice, o qual sabia que Luna usaria as j\u00f3ias no dia do assalto. Agnes fica intrigada. Para deixar Felipe com ci\u00fames, Ol\u00edvia sugere a Mirella que finja estar namorando Gumercindo. Osvaldo v\u00ea Divina de bra\u00e7o dado com Romeu e n\u00e3o gosta. Romeu pergunta a H\u00e9lio se Roberval tem alguma j\u00f3ia e ele garante que n\u00e3o. Dalila continua tratando Roberval com frieza, pois acha que est\u00e1 sendo investigado pela pol\u00edcia. Serena chora por ter perdido Rafael para sempre. Rafael tamb\u00e9m chora. Chega o dia do casamento de Rafael e Cristina.<\/p>\n<p>Cristina se apronta para o casamento, radiante. D\u00e9bora n\u00e3o permite que Eurico e Zulmira apare\u00e7am no casamento e os manda limpar a casa. Eduardo decide levar Alexandra ao casamento, embora tema que se descontrole. Cristina fala para Adelaide que deveria ter lhe dado as j\u00f3ias que deu para Luna. Adelaide fica abalada com a frieza de Cristina. Alexandra fala para Ol\u00edvia que muitas coisas ruins ainda v\u00e3o lhe acontecer. Ivan confessa para Cristina que est\u00e1 triste por v\u00ea-la se casar. Serena, para acreditar que realmente perdeu Rafael, decide ver seu casamento de longe. Gumercindo e Mirella combinam que v\u00e3o fingir o namoro. Mirella fala para Felipe que est\u00e1 namorando Gumercindo, deixando-o arrasado. Romeu encontra Generosa na pens\u00e3o de Divina. Cristina chega na festa com um vestido roxo, deixando todos chocados. O juiz pergunta a Rafael se aceita se casar com Cristina. Rafael v\u00ea Serena ao longe.<\/p>\n<p>(*) edi\u00e7\u00e3o das novelas da Globo, &#8220;Alma G\u00eamea&#8221;, sujeito a altera\u00e7\u00e3o de data e conte\u00fado.<\/p>\n<p>Sinopse &#8220;Alma G\u00eamea&#8221;: Rafael e Luna casam-se e t\u00eam um filho, mas a felicidade \u00e9 invejada por Cristina. Em um passeio, Rafael reage a um assalto e um dos ladr\u00f5es, que \u00e9 conhecido de Cristina, atira. Luna morre. Enquanto Rafael se desespera com a perda de Luna, em um lugar bem distante dali, nasce a menina Serena, filha de uma \u00edndia com um garimpeiro. Ela cresce em uma aldeia ind\u00edgena e tem vis\u00f5es. <\/p>\n<p>Vinte anos se passam da morte de Luna. Serena consegue trabalho como empregada na mans\u00e3o de Rafael. Serena tem em seu corpo uma marca de nascen\u00e7a, no mesmo lugar em que Luna levou o tiro. A trama segue envolta em mist\u00e9rios e marcada por fatos inexplic\u00e1veis. Rafael passa a acreditar que Serena \u00e9 de fato a reencarna\u00e7\u00e3o de Luna, se apaixona por ela e a pede em casamento. Cristina e sua m\u00e3e D\u00e9bora percebem que Serena representa uma amea\u00e7a, e a novela segue com as duas tramando de tudo para separar os dois.<\/p>\n","protected":false},"excerpt":{"rendered":"<p>Resumo da novela &#8220;Alma G\u00eamea&#8221; em 23\/08: no cap\u00edtulo 083(*) da novela, Felipe e H\u00e9lio tentam achar a pessoa que jogou uma pedra em Rafael. Rafael confessa a Serena que tentou transform\u00e1-la em Luna e pede perd\u00e3o. Serena fica emocionada, mas deixa claro que n\u00e3o podem mais ficar juntos. Cristina critica Rafael por n\u00e3o esquecer [&hellip;]<\/p>\n","protected":false},"author":5,"featured_media":244165,"comment_status":"closed","ping_status":"closed","sticky":false,"template":"","format":"standard","meta":{"tdm_status":"","tdm_grid_status":"","footnotes":""},"categories":[2328,379,375,2025,343],"tags":[441],"class_list":{"0":"post-246852","1":"post","2":"type-post","3":"status-publish","4":"format-standard","5":"has-post-thumbnail","7":"category-alma-gemea","8":"category-novelas","9":"category-rede-globo","10":"category-resumo","11":"category-televisao","12":"tag-resumo-do-dia"},"_links":{"self":[{"href":"https:\/\/migracao.redenoticia.com.br\/noticia\/wp-json\/wp\/v2\/posts\/246852","targetHints":{"allow":["GET"]}}],"collection":[{"href":"https:\/\/migracao.redenoticia.com.br\/noticia\/wp-json\/wp\/v2\/posts"}],"about":[{"href":"https:\/\/migracao.redenoticia.com.br\/noticia\/wp-json\/wp\/v2\/types\/post"}],"author":[{"embeddable":true,"href":"https:\/\/migracao.redenoticia.com.br\/noticia\/wp-json\/wp\/v2\/users\/5"}],"replies":[{"embeddable":true,"href":"https:\/\/migracao.redenoticia.com.br\/noticia\/wp-json\/wp\/v2\/comments?post=246852"}],"version-history":[{"count":0,"href":"https:\/\/migracao.redenoticia.com.br\/noticia\/wp-json\/wp\/v2\/posts\/246852\/revisions"}],"wp:featuredmedia":[{"embeddable":true,"href":"https:\/\/migracao.redenoticia.com.br\/noticia\/wp-json\/wp\/v2\/media\/244165"}],"wp:attachment":[{"href":"https:\/\/migracao.redenoticia.com.br\/noticia\/wp-json\/wp\/v2\/media?parent=246852"}],"wp:term":[{"taxonomy":"category","embeddable":true,"href":"https:\/\/migracao.redenoticia.com.br\/noticia\/wp-json\/wp\/v2\/categories?post=246852"},{"taxonomy":"post_tag","embeddable":true,"href":"https:\/\/migracao.redenoticia.com.br\/noticia\/wp-json\/wp\/v2\/tags?post=246852"}],"curies":[{"name":"wp","href":"https:\/\/api.w.org\/{rel}","templated":true}]}}