{"id":246869,"date":"2024-08-23T10:11:07","date_gmt":"2024-08-23T13:11:07","guid":{"rendered":"https:\/\/www.redenoticia.com.br\/noticia\/?p=246869"},"modified":"2024-08-23T10:11:07","modified_gmt":"2024-08-23T13:11:07","slug":"resumo-cheias-de-charme-24-08-as-empreguetes-ganham-o-premio","status":"publish","type":"post","link":"https:\/\/migracao.redenoticia.com.br\/noticia\/2024\/resumo-cheias-de-charme-24-08-as-empreguetes-ganham-o-premio\/246869","title":{"rendered":"Resumo &#8220;Cheias de Charme&#8221; 24\/08: As Empreguetes ganham o pr\u00eamio"},"content":{"rendered":"<p> <img loading=\"lazy\" decoding=\"async\" src=\"https:\/\/migracao.redenoticia.com.br\/noticia\/imagens\/cheias-de-charme-resumo-novela.jpg\" alt=\"\" width=\"1280\" height=\"720\" class=\"aligncenter size-full wp-image-243085\" srcset=\"https:\/\/migracao.redenoticia.com.br\/noticia\/imagens\/cheias-de-charme-resumo-novela.jpg 1280w, https:\/\/migracao.redenoticia.com.br\/noticia\/imagens\/cheias-de-charme-resumo-novela-250x140.jpg 250w, https:\/\/migracao.redenoticia.com.br\/noticia\/imagens\/cheias-de-charme-resumo-novela-400x225.jpg 400w, https:\/\/migracao.redenoticia.com.br\/noticia\/imagens\/cheias-de-charme-resumo-novela-768x432.jpg 768w, https:\/\/migracao.redenoticia.com.br\/noticia\/imagens\/cheias-de-charme-resumo-novela-150x85.jpg 150w\" sizes=\"auto, (max-width: 1280px) 100vw, 1280px\" \/> <\/p>\n<p><em><strong>Resumo da novela &#8220;Cheias de Charme&#8221;<\/strong><\/em> em 24\/08: no cap\u00edtulo 129(*) da novela, Ros\u00e1rio se recusa a ouvir In\u00e1cio. La\u00e9rcio e Socorro estranham o comportamento de Chayene. Ros\u00e1rio, Penha e Cida sentem faltam umas das outras. Elano l\u00ea os di\u00e1rios de Cida. Samuel acorda e seus pais comemoram. Sandro afirma para Voleide que conseguir\u00e1 salvar a sede da Associa\u00e7\u00e3o de Moradores do Borralho. Otto fica impressionado com o empenho de Conrado. Brunessa fica atenta a uma discuss\u00e3o entre Liara e Rodinei. Kleiton procura Tom. Lygia aconselha Liara a aceitar Rodinei do jeito que ele \u00e9. A m\u00e9dica avisa que houve uma piora no estado de Samuel. Ros\u00e1rio, Penha e Cida v\u00e3o para o pr\u00eamio \u201cD\u00f3R\u00e9Mi\u201d.<\/p>\n<p>Todos se surpreendem ao saber que Socorro vai se apresentar no pr\u00eamio. Wanderley entrega a carteira de identidade de Cida a Sidney. As Empreguetes s\u00e3o frias ao falar com Tom. A m\u00e9dica avisa que Samuel ser\u00e1 submetido a uma opera\u00e7\u00e3o e que existe a possibilidade de ficar com sequelas. Conrado conta para Otto que terminou o namoro com Cida. Sidney descobre que Socorro e Chayene nunca estiveram brigadas. Socorro destrata Chayene. As Empreguetes ganham o pr\u00eamio de \u201cRevela\u00e7\u00e3o do Ano\u201d e se emocionam no palco.<\/p>\n<p>S\u00f4nia fica surpresa ao ver Otto jantando com Ivone. In\u00e1cio lamenta ter perdido Ros\u00e1rio. As Empreguetes se emocionam com os v\u00eddeos dos artistas pedindo que elas se re\u00fanam novamente. Sidney revela que Chayene e Socorro armaram para separar as Empreguetes. Penha, Ros\u00e1rio e Cida fazem as pazes. Chayene acredita que precisa fazer um show em Sobradinho para que a profecia de madame Kastrup se concretize.<\/p>\n<p>Gentil especula no r\u00e1dio sobre o mist\u00e9rio que envolve In\u00e1cio e Fabian. Elano sugere que Cida publique seus di\u00e1rios. Gilson fica emocionado com o reencontro de Lygia e Penha. Sandro treina para sua apresenta\u00e7\u00e3o no \u2018Doming\u00e3o do Faust\u00e3o\u2019. Elano conta para Cida que ela n\u00e3o \u00e9 filha de Sarmento.<\/p>\n<p>(*) edi\u00e7\u00e3o das novelas da Globo, &#8220;Cheias de Charme&#8221;, sujeito a altera\u00e7\u00e3o de data e conte\u00fado.<\/p>\n<p>Sinopse \u201cCheias de Charme\u201d: Penha se apaixona por Gilson. O que ela desconhece \u00e9 que o gal\u00e3 \u00e9 uma antiga paix\u00e3o de juventude de Lygia e o verdadeiro pai de Samuel. Ap\u00f3s conquistar os holofotes, Ros\u00e1rio decide investir em sua carreira como cantora solo. Separada de In\u00e1cio devido a uma arma\u00e7\u00e3o de Fabian e Tom Bastos, ela aceita fazer uma turn\u00ea ao lado do pr\u00edncipe das dom\u00e9sticas, mas Chayene, revoltada com o suposto romance entre o cantor e sua rival, acaba desfigurando o rosto de Fabian ao lhe atirar um prato de sopa quente. <\/p>\n<p>Para n\u00e3o prejudicar os contratos que assinou, Tom Bastos convence In\u00e1cio a se passar por Fabian nos palcos enquanto \u00e9 dublado pelo original. Cida descobre que o ex-patr\u00e3o \u00e9 seu verdadeiro pai. Ernani leva Cida de volta para a mans\u00e3o. Agora \u00e9 ela quem sustenta a casa e d\u00e1 as carta ali, estremecendo o casamento j\u00e1 abalado entre Isadora e Conrado. No entanto, essa reaproxima\u00e7\u00e3o de Cida com os Sarmentos lhe custa o fim de seu namoro com o \u00edntegro advogado Elano.<\/p>\n","protected":false},"excerpt":{"rendered":"<p>Resumo da novela &#8220;Cheias de Charme&#8221; em 24\/08: no cap\u00edtulo 129(*) da novela, Ros\u00e1rio se recusa a ouvir In\u00e1cio. La\u00e9rcio e Socorro estranham o comportamento de Chayene. Ros\u00e1rio, Penha e Cida sentem faltam umas das outras. Elano l\u00ea os di\u00e1rios de Cida. Samuel acorda e seus pais comemoram. Sandro afirma para Voleide que conseguir\u00e1 salvar [&hellip;]<\/p>\n","protected":false},"author":2,"featured_media":243086,"comment_status":"closed","ping_status":"closed","sticky":false,"template":"","format":"standard","meta":{"tdm_status":"","tdm_grid_status":"","footnotes":""},"categories":[2325,379,375,2025,343],"tags":[441],"class_list":{"0":"post-246869","1":"post","2":"type-post","3":"status-publish","4":"format-standard","5":"has-post-thumbnail","7":"category-cheias-de-charme","8":"category-novelas","9":"category-rede-globo","10":"category-resumo","11":"category-televisao","12":"tag-resumo-do-dia"},"_links":{"self":[{"href":"https:\/\/migracao.redenoticia.com.br\/noticia\/wp-json\/wp\/v2\/posts\/246869","targetHints":{"allow":["GET"]}}],"collection":[{"href":"https:\/\/migracao.redenoticia.com.br\/noticia\/wp-json\/wp\/v2\/posts"}],"about":[{"href":"https:\/\/migracao.redenoticia.com.br\/noticia\/wp-json\/wp\/v2\/types\/post"}],"author":[{"embeddable":true,"href":"https:\/\/migracao.redenoticia.com.br\/noticia\/wp-json\/wp\/v2\/users\/2"}],"replies":[{"embeddable":true,"href":"https:\/\/migracao.redenoticia.com.br\/noticia\/wp-json\/wp\/v2\/comments?post=246869"}],"version-history":[{"count":0,"href":"https:\/\/migracao.redenoticia.com.br\/noticia\/wp-json\/wp\/v2\/posts\/246869\/revisions"}],"wp:featuredmedia":[{"embeddable":true,"href":"https:\/\/migracao.redenoticia.com.br\/noticia\/wp-json\/wp\/v2\/media\/243086"}],"wp:attachment":[{"href":"https:\/\/migracao.redenoticia.com.br\/noticia\/wp-json\/wp\/v2\/media?parent=246869"}],"wp:term":[{"taxonomy":"category","embeddable":true,"href":"https:\/\/migracao.redenoticia.com.br\/noticia\/wp-json\/wp\/v2\/categories?post=246869"},{"taxonomy":"post_tag","embeddable":true,"href":"https:\/\/migracao.redenoticia.com.br\/noticia\/wp-json\/wp\/v2\/tags?post=246869"}],"curies":[{"name":"wp","href":"https:\/\/api.w.org\/{rel}","templated":true}]}}