{"id":246902,"date":"2024-08-25T14:13:26","date_gmt":"2024-08-25T17:13:26","guid":{"rendered":"https:\/\/www.redenoticia.com.br\/noticia\/?p=246902"},"modified":"2024-08-25T14:13:26","modified_gmt":"2024-08-25T17:13:26","slug":"resumo-contigo-sim-26-08-angela-e-alvaro-visitam-o-bebe-na-uti","status":"publish","type":"post","link":"https:\/\/migracao.redenoticia.com.br\/noticia\/2024\/resumo-contigo-sim-26-08-angela-e-alvaro-visitam-o-bebe-na-uti\/246902","title":{"rendered":"Resumo \u201cContigo Sim\u201d 26\/08: Angela e \u00c1lvaro visitam o beb\u00ea na UTI"},"content":{"rendered":"<p> <img loading=\"lazy\" decoding=\"async\" src=\"https:\/\/migracao.redenoticia.com.br\/noticia\/imagens\/novela-contigo-sim-capitulo-resumo.jpg\" alt=\"\" width=\"1280\" height=\"720\" class=\"aligncenter size-full wp-image-243831\" srcset=\"https:\/\/migracao.redenoticia.com.br\/noticia\/imagens\/novela-contigo-sim-capitulo-resumo.jpg 1280w, https:\/\/migracao.redenoticia.com.br\/noticia\/imagens\/novela-contigo-sim-capitulo-resumo-250x140.jpg 250w, https:\/\/migracao.redenoticia.com.br\/noticia\/imagens\/novela-contigo-sim-capitulo-resumo-400x225.jpg 400w, https:\/\/migracao.redenoticia.com.br\/noticia\/imagens\/novela-contigo-sim-capitulo-resumo-768x432.jpg 768w, https:\/\/migracao.redenoticia.com.br\/noticia\/imagens\/novela-contigo-sim-capitulo-resumo-150x85.jpg 150w\" sizes=\"auto, (max-width: 1280px) 100vw, 1280px\" \/>    <\/p>\n<p><strong><em>Resumo da novela \u201cContigo Sim\u201d<\/em><\/strong> em 26\/08: no cap\u00edtulo 091(*) da novela, \u00c1ngela vira m\u00e3e, mas seu beb\u00ea tem problemas respirat\u00f3rios. Oscar perdoa Samanta e sob certas condi\u00e7\u00f5es aceita voltar a trabalhar com ela. Memito \u00e9 discriminado por sua situa\u00e7\u00e3o f\u00edsica. Alma chega ao consult\u00f3rio de Leonardo e reclama com ele por t\u00ea-la deixado sozinha durante a ultrassonografia do beb\u00ea por causa da emerg\u00eancia. Benjam\u00edn d\u00e1 a Samanta o endere\u00e7o do local onde deixou o corpo do inspetor e pede que ela n\u00e3o o traia, pois ele poderia falar com Mirta. aconselha Alma a chantagear Leonardo com a sa\u00fade de seu beb\u00ea. F\u00e9lix atira em Pablo e impede que ele se case com Luz, \u00c1lvaro n\u00e3o quer que Leonardo cuide de seu beb\u00ea e Dar\u00edo informa a \u00c1ngela que seu filho est\u00e1 em estado cr\u00edtico.<\/p>\n<p>\u00c1ngela e \u00c1lvaro visitam o beb\u00ea na UTI e pedem para ele se agarrar \u00e0 vida, j\u00e1 que ele \u00e9 um ente muito querido e descobre que Pablo foi baleado por F\u00e9lix. Vendo-se t\u00e3o vulner\u00e1vel com sua sa\u00fade, Dra. Ugarte visita \u00c1ngela e pede desculpas por t\u00ea-la julgado mal e a parabeniza por ter obtido sua bolsa de excel\u00eancia. Luz descobre que um dos proj\u00e9teis feriu o rim de Pablo e Samanta fica feliz porque o beb\u00ea de \u00c2ngela est\u00e1 com a sa\u00fade debilitada. . Samanta pede a \u00c1lvaro que fa\u00e7a amor com ela, mas ele recusa porque se sente muito decepcionado e garante que seus v\u00edcios a impedem de ser m\u00e3e. Alma informa a Mirta que seu plano deu certo.<\/p>\n<p>(*) edi\u00e7\u00e3o das novelas do SBT, \u201cContigo Sim\u201d, sujeito a altera\u00e7\u00e3o de data e conte\u00fado.<\/p>\n<p>Sinopse: \u201cContigo Sim\u201d conta a hist\u00f3ria de \u00c1ngela (Alejandra Robles Gil), que \u00e9 enfermeira e estudante de medicina. Ela \u00e9 seduzida por \u00c1lvaro (Danilo Carrera), um jovem ambicioso que visita sua cidade em viagem de neg\u00f3cios para construir um hospital. \u00c1ngela e \u00c1lvaro se casam, mas ele a abandona e volta para a Cidade do M\u00e9xico, onde fica noivo de Samantha (B\u00e1rbara Islas) e se casa com ela tamb\u00e9m. \u00c1ngela decide ir para a Cidade do M\u00e9xico em busca de \u00c1lvaro, ela descobre o engano e conhece Leonardo (Brandon Peniche), um m\u00e9dico que se apaixona por ela e passa a ser seu protetor. \u00c1ngela lutar\u00e1 incansavelmente contra as adversidades do destino, na busca pelo amor verdadeiro.<\/p>\n","protected":false},"excerpt":{"rendered":"<p>Resumo da novela \u201cContigo Sim\u201d em 26\/08: no cap\u00edtulo 091(*) da novela, \u00c1ngela vira m\u00e3e, mas seu beb\u00ea tem problemas respirat\u00f3rios. Oscar perdoa Samanta e sob certas condi\u00e7\u00f5es aceita voltar a trabalhar com ela. Memito \u00e9 discriminado por sua situa\u00e7\u00e3o f\u00edsica. Alma chega ao consult\u00f3rio de Leonardo e reclama com ele por t\u00ea-la deixado sozinha [&hellip;]<\/p>\n","protected":false},"author":3,"featured_media":243830,"comment_status":"closed","ping_status":"closed","sticky":false,"template":"","format":"standard","meta":{"tdm_status":"","tdm_grid_status":"","footnotes":""},"categories":[2327,379,2025,372,343],"tags":[441],"class_list":{"0":"post-246902","1":"post","2":"type-post","3":"status-publish","4":"format-standard","5":"has-post-thumbnail","7":"category-contigo-sim","8":"category-novelas","9":"category-resumo","10":"category-sbt","11":"category-televisao","12":"tag-resumo-do-dia"},"_links":{"self":[{"href":"https:\/\/migracao.redenoticia.com.br\/noticia\/wp-json\/wp\/v2\/posts\/246902","targetHints":{"allow":["GET"]}}],"collection":[{"href":"https:\/\/migracao.redenoticia.com.br\/noticia\/wp-json\/wp\/v2\/posts"}],"about":[{"href":"https:\/\/migracao.redenoticia.com.br\/noticia\/wp-json\/wp\/v2\/types\/post"}],"author":[{"embeddable":true,"href":"https:\/\/migracao.redenoticia.com.br\/noticia\/wp-json\/wp\/v2\/users\/3"}],"replies":[{"embeddable":true,"href":"https:\/\/migracao.redenoticia.com.br\/noticia\/wp-json\/wp\/v2\/comments?post=246902"}],"version-history":[{"count":0,"href":"https:\/\/migracao.redenoticia.com.br\/noticia\/wp-json\/wp\/v2\/posts\/246902\/revisions"}],"wp:featuredmedia":[{"embeddable":true,"href":"https:\/\/migracao.redenoticia.com.br\/noticia\/wp-json\/wp\/v2\/media\/243830"}],"wp:attachment":[{"href":"https:\/\/migracao.redenoticia.com.br\/noticia\/wp-json\/wp\/v2\/media?parent=246902"}],"wp:term":[{"taxonomy":"category","embeddable":true,"href":"https:\/\/migracao.redenoticia.com.br\/noticia\/wp-json\/wp\/v2\/categories?post=246902"},{"taxonomy":"post_tag","embeddable":true,"href":"https:\/\/migracao.redenoticia.com.br\/noticia\/wp-json\/wp\/v2\/tags?post=246902"}],"curies":[{"name":"wp","href":"https:\/\/api.w.org\/{rel}","templated":true}]}}