{"id":246908,"date":"2024-08-25T14:21:44","date_gmt":"2024-08-25T17:21:44","guid":{"rendered":"https:\/\/www.redenoticia.com.br\/noticia\/?p=246908"},"modified":"2024-08-25T14:21:44","modified_gmt":"2024-08-25T17:21:44","slug":"resumo-alma-gemea-26-08-guto-foge-da-cadeia","status":"publish","type":"post","link":"https:\/\/migracao.redenoticia.com.br\/noticia\/2024\/resumo-alma-gemea-26-08-guto-foge-da-cadeia\/246908","title":{"rendered":"Resumo &#8220;Alma G\u00eamea&#8221; 26\/08: Guto foge da cadeia"},"content":{"rendered":"<p> <img loading=\"lazy\" decoding=\"async\" src=\"https:\/\/migracao.redenoticia.com.br\/noticia\/imagens\/resumo-alma-gemea-logo-novela.jpg\" alt=\"\" width=\"1280\" height=\"720\" class=\"aligncenter size-full wp-image-244166\" srcset=\"https:\/\/migracao.redenoticia.com.br\/noticia\/imagens\/resumo-alma-gemea-logo-novela.jpg 1280w, https:\/\/migracao.redenoticia.com.br\/noticia\/imagens\/resumo-alma-gemea-logo-novela-250x140.jpg 250w, https:\/\/migracao.redenoticia.com.br\/noticia\/imagens\/resumo-alma-gemea-logo-novela-400x225.jpg 400w, https:\/\/migracao.redenoticia.com.br\/noticia\/imagens\/resumo-alma-gemea-logo-novela-768x432.jpg 768w, https:\/\/migracao.redenoticia.com.br\/noticia\/imagens\/resumo-alma-gemea-logo-novela-150x85.jpg 150w\" sizes=\"auto, (max-width: 1280px) 100vw, 1280px\" \/><\/p>\n<p><em><strong>Resumo da novela &#8220;Alma G\u00eamea&#8221;<\/strong><\/em> em 26\/08: no cap\u00edtulo 084(*) da novela, O juiz pergunta a Rafael se aceita se casar com Cristina. Rafael v\u00ea Serena ao longe. Rafael n\u00e3o responde ao juiz e apenas olha para Serena. Cristina percebe e fica nervosa. Rafael diz o sim. A cerim\u00f4nia termina. Alexandra pega o buqu\u00ea de Cristina. Cristina pede para Alexandra devolver o buqu\u00ea, pois j\u00e1 \u00e9 casada. Alexandra fala para Cristina que seu casamento \u00e9 amaldi\u00e7oado e destr\u00f3i o buqu\u00ea. Eduardo, Julian e Sabina levam Alexandra embora. Cristina finge n\u00e3o ligar. Romeu conta para todos na pens\u00e3o que Generosa era dan\u00e7arina e que fugiu levando seu dinheiro. Generosa conta que Romeu \u00e9 um fazendeiro rico. Romeu afirma que perdeu todo seu dinheiro. Divina e Of\u00e9lia dizem a Generosa que n\u00e3o pode mais freq\u00fcentar a pens\u00e3o, deixando-a furiosa. Cristina tenta seduzir Rafael na noite de n\u00fapcias. Rafael diz a Cristina que jamais viver\u00e3o como marido e mulher e que passar\u00e1 a dormir no quarto de Felipe. Cristina se desespera.<\/p>\n<p> Cristina implora que Rafael passe a noite com ela. Rafael despreza Cristina, deixando-a arrasada. Serena garante a Ter\u00ea que vai se libertar dos la\u00e7os de sua vida passada para viver o presente. Jorge se interessa por K\u00e1tia e ela corresponde. Ciro diz a Agnes que est\u00e1 investigando a morte de Luna n\u00e3o apenas por dever, mas tamb\u00e9m por considera\u00e7\u00e3o a ela. Agnes fica perturbada, mas disfar\u00e7a. Ivan fica satisfeito ao saber que Cristina e Rafael n\u00e3o dormiram no mesmo quarto. Rafael pensa em Serena e chora. Raul fala para Ermelino que quer deixar Ol\u00edvia sem dinheiro algum, para depois tomar o restaurante dela com mais facilidade. Serena n\u00e3o recrimina Generosa por seu passado. Generosa afirma para os moradores da pens\u00e3o que n\u00e3o podem tripudiar dela, pois tamb\u00e9m t\u00eam seus defeitos. Serena encontra uma escultura de barro no roseiral e fica emocionada, pois acredita que foi feita por algu\u00e9m de seu povo. D\u00e9bora pergunta a Cristina como foi a noite de n\u00fapcias. Guto foge da cadeia.<\/p>\n<p>(*) edi\u00e7\u00e3o das novelas da Globo, &#8220;Alma G\u00eamea&#8221;, sujeito a altera\u00e7\u00e3o de data e conte\u00fado.<\/p>\n<p>Sinopse &#8220;Alma G\u00eamea&#8221;: Rafael e Luna casam-se e t\u00eam um filho, mas a felicidade \u00e9 invejada por Cristina. Em um passeio, Rafael reage a um assalto e um dos ladr\u00f5es, que \u00e9 conhecido de Cristina, atira. Luna morre. Enquanto Rafael se desespera com a perda de Luna, em um lugar bem distante dali, nasce a menina Serena, filha de uma \u00edndia com um garimpeiro. Ela cresce em uma aldeia ind\u00edgena e tem vis\u00f5es. <\/p>\n<p>Vinte anos se passam da morte de Luna. Serena consegue trabalho como empregada na mans\u00e3o de Rafael. Serena tem em seu corpo uma marca de nascen\u00e7a, no mesmo lugar em que Luna levou o tiro. A trama segue envolta em mist\u00e9rios e marcada por fatos inexplic\u00e1veis. Rafael passa a acreditar que Serena \u00e9 de fato a reencarna\u00e7\u00e3o de Luna, se apaixona por ela e a pede em casamento. Cristina e sua m\u00e3e D\u00e9bora percebem que Serena representa uma amea\u00e7a, e a novela segue com as duas tramando de tudo para separar os dois.<\/p>\n","protected":false},"excerpt":{"rendered":"<p>Resumo da novela &#8220;Alma G\u00eamea&#8221; em 26\/08: no cap\u00edtulo 084(*) da novela, O juiz pergunta a Rafael se aceita se casar com Cristina. Rafael v\u00ea Serena ao longe. Rafael n\u00e3o responde ao juiz e apenas olha para Serena. Cristina percebe e fica nervosa. Rafael diz o sim. A cerim\u00f4nia termina. Alexandra pega o buqu\u00ea de [&hellip;]<\/p>\n","protected":false},"author":5,"featured_media":244165,"comment_status":"closed","ping_status":"closed","sticky":false,"template":"","format":"standard","meta":{"tdm_status":"","tdm_grid_status":"","footnotes":""},"categories":[2328,379,375,2025,343],"tags":[441],"class_list":{"0":"post-246908","1":"post","2":"type-post","3":"status-publish","4":"format-standard","5":"has-post-thumbnail","7":"category-alma-gemea","8":"category-novelas","9":"category-rede-globo","10":"category-resumo","11":"category-televisao","12":"tag-resumo-do-dia"},"_links":{"self":[{"href":"https:\/\/migracao.redenoticia.com.br\/noticia\/wp-json\/wp\/v2\/posts\/246908","targetHints":{"allow":["GET"]}}],"collection":[{"href":"https:\/\/migracao.redenoticia.com.br\/noticia\/wp-json\/wp\/v2\/posts"}],"about":[{"href":"https:\/\/migracao.redenoticia.com.br\/noticia\/wp-json\/wp\/v2\/types\/post"}],"author":[{"embeddable":true,"href":"https:\/\/migracao.redenoticia.com.br\/noticia\/wp-json\/wp\/v2\/users\/5"}],"replies":[{"embeddable":true,"href":"https:\/\/migracao.redenoticia.com.br\/noticia\/wp-json\/wp\/v2\/comments?post=246908"}],"version-history":[{"count":0,"href":"https:\/\/migracao.redenoticia.com.br\/noticia\/wp-json\/wp\/v2\/posts\/246908\/revisions"}],"wp:featuredmedia":[{"embeddable":true,"href":"https:\/\/migracao.redenoticia.com.br\/noticia\/wp-json\/wp\/v2\/media\/244165"}],"wp:attachment":[{"href":"https:\/\/migracao.redenoticia.com.br\/noticia\/wp-json\/wp\/v2\/media?parent=246908"}],"wp:term":[{"taxonomy":"category","embeddable":true,"href":"https:\/\/migracao.redenoticia.com.br\/noticia\/wp-json\/wp\/v2\/categories?post=246908"},{"taxonomy":"post_tag","embeddable":true,"href":"https:\/\/migracao.redenoticia.com.br\/noticia\/wp-json\/wp\/v2\/tags?post=246908"}],"curies":[{"name":"wp","href":"https:\/\/api.w.org\/{rel}","templated":true}]}}