{"id":246928,"date":"2024-08-26T14:43:17","date_gmt":"2024-08-26T17:43:17","guid":{"rendered":"https:\/\/www.redenoticia.com.br\/noticia\/?p=246928"},"modified":"2024-08-26T14:43:17","modified_gmt":"2024-08-26T17:43:17","slug":"resumo-alma-gemea-27-08-cristina-destroi-moveis-do-atelier-de-luna","status":"publish","type":"post","link":"https:\/\/migracao.redenoticia.com.br\/noticia\/2024\/resumo-alma-gemea-27-08-cristina-destroi-moveis-do-atelier-de-luna\/246928","title":{"rendered":"Resumo &#8220;Alma G\u00eamea&#8221; 27\/08: Cristina destr\u00f3i m\u00f3veis do atelier de Luna"},"content":{"rendered":"<p> <img loading=\"lazy\" decoding=\"async\" src=\"https:\/\/migracao.redenoticia.com.br\/noticia\/imagens\/resumo-alma-gemea-logo-novela.jpg\" alt=\"\" width=\"1280\" height=\"720\" class=\"aligncenter size-full wp-image-244166\" srcset=\"https:\/\/migracao.redenoticia.com.br\/noticia\/imagens\/resumo-alma-gemea-logo-novela.jpg 1280w, https:\/\/migracao.redenoticia.com.br\/noticia\/imagens\/resumo-alma-gemea-logo-novela-250x140.jpg 250w, https:\/\/migracao.redenoticia.com.br\/noticia\/imagens\/resumo-alma-gemea-logo-novela-400x225.jpg 400w, https:\/\/migracao.redenoticia.com.br\/noticia\/imagens\/resumo-alma-gemea-logo-novela-768x432.jpg 768w, https:\/\/migracao.redenoticia.com.br\/noticia\/imagens\/resumo-alma-gemea-logo-novela-150x85.jpg 150w\" sizes=\"auto, (max-width: 1280px) 100vw, 1280px\" \/><\/p>\n<p><em><strong>Resumo da novela &#8220;Alma G\u00eamea&#8221;<\/strong><\/em> em 27\/08: no cap\u00edtulo 085(*) da novela, Guto se esconde na locomotiva abandonada. Cristina conta a D\u00e9bora que Rafael a despreza. Elias recrimina o pessoal pelo julgamento \u00e0 Generosa. Dalila, ao se lembrar do quanto sofreu com as fofocas quando estava solteira e gr\u00e1vida, se solidariza com Generosa, que fica emocionada. D\u00e9bora manda Cristina fingir para todos que est\u00e1 feliz em seu casamento. Romeu conta para Generosa que est\u00e1 procurando seu neto, que possui uma j\u00f3ia com um rubi. Generosa garante a Romeu que vai ajud\u00e1-lo. Alexandra fala para Eduardo que Cristina n\u00e3o est\u00e1 gr\u00e1vida, mas ele n\u00e3o acredita. Julian diz a Eduardo que ele deveria acreditar em Alexandra. Raul descobre que Ol\u00edvia guarda o dinheiro do restaurante em casa. Julian e Ciro contam a Rafael que Guto foi o respons\u00e1vel pela morte de Luna. D\u00e9bora ouve tudo.<\/p>\n<p> Ciro conta a Rafael que Guto fugiu da cadeia. Rafael fica furioso por Ciro n\u00e3o ter lhe contado sobre a lembran\u00e7a que Serena teve a respeito de Guto. D\u00e9bora fala para Cristina revelar a Guto que Serena \u00e9 a reencarna\u00e7\u00e3o de Luna. H\u00e9lio pede a Serena para tomar cuidado porque Guto fugiu da pris\u00e3o. Raul pergunta a Carlito onde Ol\u00edvia guarda a caixa com o dinheiro. Ciro explica a Rafael que Guto n\u00e3o deve estar com as j\u00f3ias de Luna, mas que vai tentar recuper\u00e1-las. Guto pede a ajuda de Xavier para pegar as j\u00f3ias de Luna. Generosa sugere a Alaor se passe pelo neto de Romeu. Mirella provoca ci\u00fames em Felipe. Guto conta a Xavier que a id\u00e9ia de pegar as j\u00f3ias de Luna foi de Cristina. Cristina implora que Rafael se aproxime dela, mas ele a trata friamente. Cristina fica furiosa e destr\u00f3i m\u00f3veis do atelier de Luna. Rafael pro\u00edbe Cristina de entrar no atelier. Rafael pede que Serena lhe conte tudo o que lembrou sobre a morte de Luna.<\/p>\n<p>(*) edi\u00e7\u00e3o das novelas da Globo, &#8220;Alma G\u00eamea&#8221;, sujeito a altera\u00e7\u00e3o de data e conte\u00fado.<\/p>\n<p>Sinopse &#8220;Alma G\u00eamea&#8221;: Rafael e Luna casam-se e t\u00eam um filho, mas a felicidade \u00e9 invejada por Cristina. Em um passeio, Rafael reage a um assalto e um dos ladr\u00f5es, que \u00e9 conhecido de Cristina, atira. Luna morre. Enquanto Rafael se desespera com a perda de Luna, em um lugar bem distante dali, nasce a menina Serena, filha de uma \u00edndia com um garimpeiro. Ela cresce em uma aldeia ind\u00edgena e tem vis\u00f5es. <\/p>\n<p>Vinte anos se passam da morte de Luna. Serena consegue trabalho como empregada na mans\u00e3o de Rafael. Serena tem em seu corpo uma marca de nascen\u00e7a, no mesmo lugar em que Luna levou o tiro. A trama segue envolta em mist\u00e9rios e marcada por fatos inexplic\u00e1veis. Rafael passa a acreditar que Serena \u00e9 de fato a reencarna\u00e7\u00e3o de Luna, se apaixona por ela e a pede em casamento. Cristina e sua m\u00e3e D\u00e9bora percebem que Serena representa uma amea\u00e7a, e a novela segue com as duas tramando de tudo para separar os dois.<\/p>\n","protected":false},"excerpt":{"rendered":"<p>Resumo da novela &#8220;Alma G\u00eamea&#8221; em 27\/08: no cap\u00edtulo 085(*) da novela, Guto se esconde na locomotiva abandonada. Cristina conta a D\u00e9bora que Rafael a despreza. Elias recrimina o pessoal pelo julgamento \u00e0 Generosa. Dalila, ao se lembrar do quanto sofreu com as fofocas quando estava solteira e gr\u00e1vida, se solidariza com Generosa, que fica [&hellip;]<\/p>\n","protected":false},"author":5,"featured_media":244165,"comment_status":"closed","ping_status":"closed","sticky":false,"template":"","format":"standard","meta":{"tdm_status":"","tdm_grid_status":"","footnotes":""},"categories":[2328,379,375,2025,343],"tags":[441],"class_list":{"0":"post-246928","1":"post","2":"type-post","3":"status-publish","4":"format-standard","5":"has-post-thumbnail","7":"category-alma-gemea","8":"category-novelas","9":"category-rede-globo","10":"category-resumo","11":"category-televisao","12":"tag-resumo-do-dia"},"_links":{"self":[{"href":"https:\/\/migracao.redenoticia.com.br\/noticia\/wp-json\/wp\/v2\/posts\/246928","targetHints":{"allow":["GET"]}}],"collection":[{"href":"https:\/\/migracao.redenoticia.com.br\/noticia\/wp-json\/wp\/v2\/posts"}],"about":[{"href":"https:\/\/migracao.redenoticia.com.br\/noticia\/wp-json\/wp\/v2\/types\/post"}],"author":[{"embeddable":true,"href":"https:\/\/migracao.redenoticia.com.br\/noticia\/wp-json\/wp\/v2\/users\/5"}],"replies":[{"embeddable":true,"href":"https:\/\/migracao.redenoticia.com.br\/noticia\/wp-json\/wp\/v2\/comments?post=246928"}],"version-history":[{"count":0,"href":"https:\/\/migracao.redenoticia.com.br\/noticia\/wp-json\/wp\/v2\/posts\/246928\/revisions"}],"wp:featuredmedia":[{"embeddable":true,"href":"https:\/\/migracao.redenoticia.com.br\/noticia\/wp-json\/wp\/v2\/media\/244165"}],"wp:attachment":[{"href":"https:\/\/migracao.redenoticia.com.br\/noticia\/wp-json\/wp\/v2\/media?parent=246928"}],"wp:term":[{"taxonomy":"category","embeddable":true,"href":"https:\/\/migracao.redenoticia.com.br\/noticia\/wp-json\/wp\/v2\/categories?post=246928"},{"taxonomy":"post_tag","embeddable":true,"href":"https:\/\/migracao.redenoticia.com.br\/noticia\/wp-json\/wp\/v2\/tags?post=246928"}],"curies":[{"name":"wp","href":"https:\/\/api.w.org\/{rel}","templated":true}]}}