{"id":246947,"date":"2024-08-27T13:58:08","date_gmt":"2024-08-27T16:58:08","guid":{"rendered":"https:\/\/www.redenoticia.com.br\/noticia\/?p=246947"},"modified":"2024-08-27T13:58:08","modified_gmt":"2024-08-27T16:58:08","slug":"resumo-cheias-de-charme-28-08-inacio-conta-sua-historia-no-programa-de-gentil","status":"publish","type":"post","link":"https:\/\/migracao.redenoticia.com.br\/noticia\/2024\/resumo-cheias-de-charme-28-08-inacio-conta-sua-historia-no-programa-de-gentil\/246947","title":{"rendered":"Resumo &#8220;Cheias de Charme&#8221; 28\/08: In\u00e1cio conta sua hist\u00f3ria no programa de Gentil"},"content":{"rendered":"<p> <img loading=\"lazy\" decoding=\"async\" src=\"https:\/\/migracao.redenoticia.com.br\/noticia\/imagens\/cheias-de-charme-resumo-novela.jpg\" alt=\"\" width=\"1280\" height=\"720\" class=\"aligncenter size-full wp-image-243085\" srcset=\"https:\/\/migracao.redenoticia.com.br\/noticia\/imagens\/cheias-de-charme-resumo-novela.jpg 1280w, https:\/\/migracao.redenoticia.com.br\/noticia\/imagens\/cheias-de-charme-resumo-novela-250x140.jpg 250w, https:\/\/migracao.redenoticia.com.br\/noticia\/imagens\/cheias-de-charme-resumo-novela-400x225.jpg 400w, https:\/\/migracao.redenoticia.com.br\/noticia\/imagens\/cheias-de-charme-resumo-novela-768x432.jpg 768w, https:\/\/migracao.redenoticia.com.br\/noticia\/imagens\/cheias-de-charme-resumo-novela-150x85.jpg 150w\" sizes=\"auto, (max-width: 1280px) 100vw, 1280px\" \/> <\/p>\n<p><em><strong>Resumo da novela &#8220;Cheias de Charme&#8221;<\/strong><\/em> em 28\/08: no cap\u00edtulo 132(*) da novela, Lygia conversa com Gilson. Stela conta para Elano que decidiu voltar com seu ex-marido. Humberto e Ariela comunicam a S\u00f4nia que v\u00e3o sair de casa. Penha se re\u00fane com Cida, Kleiton e Tom. In\u00e1cio conta seu trauma para Fabian e eles concordam em conversar com Gentil. Tom consegue um show para as Empreguetes. Gentil avisa que Fabian e In\u00e1cio revelar\u00e3o todo o mist\u00e9rio que existe entre eles.<\/p>\n<p>In\u00e1cio conta sua hist\u00f3ria no programa de Gentil Soares. Simone revela o segredo de Fabian. D\u00e1lia se prepara para sequestrar Ros\u00e1rio. Empres\u00e1rio alem\u00e3o pretende ajudar o Borralho. Rodinei pede Liara em casamento. Sucesso de Sandro \u00e9 comemorado na casa de Penha. Otto convida Conrado para jantar. S\u00f4nia recebe convite para ir ao programa de F\u00e1tima Bernardes. Ros\u00e1rio e In\u00e1cio reatam o namoro. Elano e Conrado se encontram em restaurante. Ros\u00e1rio e In\u00e1cio namoram. Elano e Conrado brigam na frente de Cida e Otto. Ros\u00e1rio acorda de muito bom humor.<\/p>\n<p>(*) edi\u00e7\u00e3o das novelas da Globo, &#8220;Cheias de Charme&#8221;, sujeito a altera\u00e7\u00e3o de data e conte\u00fado.<\/p>\n<p>Sinopse \u201cCheias de Charme\u201d: Penha se apaixona por Gilson. O que ela desconhece \u00e9 que o gal\u00e3 \u00e9 uma antiga paix\u00e3o de juventude de Lygia e o verdadeiro pai de Samuel. Ap\u00f3s conquistar os holofotes, Ros\u00e1rio decide investir em sua carreira como cantora solo. Separada de In\u00e1cio devido a uma arma\u00e7\u00e3o de Fabian e Tom Bastos, ela aceita fazer uma turn\u00ea ao lado do pr\u00edncipe das dom\u00e9sticas, mas Chayene, revoltada com o suposto romance entre o cantor e sua rival, acaba desfigurando o rosto de Fabian ao lhe atirar um prato de sopa quente. <\/p>\n<p>Para n\u00e3o prejudicar os contratos que assinou, Tom Bastos convence In\u00e1cio a se passar por Fabian nos palcos enquanto \u00e9 dublado pelo original. Cida descobre que o ex-patr\u00e3o \u00e9 seu verdadeiro pai. Ernani leva Cida de volta para a mans\u00e3o. Agora \u00e9 ela quem sustenta a casa e d\u00e1 as carta ali, estremecendo o casamento j\u00e1 abalado entre Isadora e Conrado. No entanto, essa reaproxima\u00e7\u00e3o de Cida com os Sarmentos lhe custa o fim de seu namoro com o \u00edntegro advogado Elano.<\/p>\n","protected":false},"excerpt":{"rendered":"<p>Resumo da novela &#8220;Cheias de Charme&#8221; em 28\/08: no cap\u00edtulo 132(*) da novela, Lygia conversa com Gilson. Stela conta para Elano que decidiu voltar com seu ex-marido. Humberto e Ariela comunicam a S\u00f4nia que v\u00e3o sair de casa. Penha se re\u00fane com Cida, Kleiton e Tom. In\u00e1cio conta seu trauma para Fabian e eles concordam [&hellip;]<\/p>\n","protected":false},"author":3,"featured_media":243086,"comment_status":"closed","ping_status":"closed","sticky":false,"template":"","format":"standard","meta":{"tdm_status":"","tdm_grid_status":"","footnotes":""},"categories":[2325,379,375,2025,343],"tags":[441],"class_list":{"0":"post-246947","1":"post","2":"type-post","3":"status-publish","4":"format-standard","5":"has-post-thumbnail","7":"category-cheias-de-charme","8":"category-novelas","9":"category-rede-globo","10":"category-resumo","11":"category-televisao","12":"tag-resumo-do-dia"},"_links":{"self":[{"href":"https:\/\/migracao.redenoticia.com.br\/noticia\/wp-json\/wp\/v2\/posts\/246947","targetHints":{"allow":["GET"]}}],"collection":[{"href":"https:\/\/migracao.redenoticia.com.br\/noticia\/wp-json\/wp\/v2\/posts"}],"about":[{"href":"https:\/\/migracao.redenoticia.com.br\/noticia\/wp-json\/wp\/v2\/types\/post"}],"author":[{"embeddable":true,"href":"https:\/\/migracao.redenoticia.com.br\/noticia\/wp-json\/wp\/v2\/users\/3"}],"replies":[{"embeddable":true,"href":"https:\/\/migracao.redenoticia.com.br\/noticia\/wp-json\/wp\/v2\/comments?post=246947"}],"version-history":[{"count":0,"href":"https:\/\/migracao.redenoticia.com.br\/noticia\/wp-json\/wp\/v2\/posts\/246947\/revisions"}],"wp:featuredmedia":[{"embeddable":true,"href":"https:\/\/migracao.redenoticia.com.br\/noticia\/wp-json\/wp\/v2\/media\/243086"}],"wp:attachment":[{"href":"https:\/\/migracao.redenoticia.com.br\/noticia\/wp-json\/wp\/v2\/media?parent=246947"}],"wp:term":[{"taxonomy":"category","embeddable":true,"href":"https:\/\/migracao.redenoticia.com.br\/noticia\/wp-json\/wp\/v2\/categories?post=246947"},{"taxonomy":"post_tag","embeddable":true,"href":"https:\/\/migracao.redenoticia.com.br\/noticia\/wp-json\/wp\/v2\/tags?post=246947"}],"curies":[{"name":"wp","href":"https:\/\/api.w.org\/{rel}","templated":true}]}}