{"id":246973,"date":"2024-08-28T17:14:49","date_gmt":"2024-08-28T20:14:49","guid":{"rendered":"https:\/\/www.redenoticia.com.br\/noticia\/?p=246973"},"modified":"2024-08-28T17:14:49","modified_gmt":"2024-08-28T20:14:49","slug":"resumo-cheias-de-charme-29-08-rosario-e-chayene-sao-amarradas-no-cativeiro","status":"publish","type":"post","link":"https:\/\/migracao.redenoticia.com.br\/noticia\/2024\/resumo-cheias-de-charme-29-08-rosario-e-chayene-sao-amarradas-no-cativeiro\/246973","title":{"rendered":"Resumo &#8220;Cheias de Charme&#8221; 29\/08: Ros\u00e1rio e Chayene s\u00e3o amarradas no cativeiro"},"content":{"rendered":"<p> <img loading=\"lazy\" decoding=\"async\" src=\"https:\/\/migracao.redenoticia.com.br\/noticia\/imagens\/cheias-de-charme-resumo-novela.jpg\" alt=\"\" width=\"1280\" height=\"720\" class=\"aligncenter size-full wp-image-243085\" srcset=\"https:\/\/migracao.redenoticia.com.br\/noticia\/imagens\/cheias-de-charme-resumo-novela.jpg 1280w, https:\/\/migracao.redenoticia.com.br\/noticia\/imagens\/cheias-de-charme-resumo-novela-250x140.jpg 250w, https:\/\/migracao.redenoticia.com.br\/noticia\/imagens\/cheias-de-charme-resumo-novela-400x225.jpg 400w, https:\/\/migracao.redenoticia.com.br\/noticia\/imagens\/cheias-de-charme-resumo-novela-768x432.jpg 768w, https:\/\/migracao.redenoticia.com.br\/noticia\/imagens\/cheias-de-charme-resumo-novela-150x85.jpg 150w\" sizes=\"auto, (max-width: 1280px) 100vw, 1280px\" \/> <\/p>\n<p><em><strong>Resumo da novela &#8220;Cheias de Charme&#8221;<\/strong><\/em> em 29\/08: no cap\u00edtulo 133(*) da novela, In\u00e1cio conta sua hist\u00f3ria no programa de Gentil Soares. Simone revela o segredo de Fabian. D\u00e1lia se prepara para sequestrar Ros\u00e1rio. Empres\u00e1rio alem\u00e3o pretende ajudar o Borralho. Rodinei pede Liara em casamento. Sucesso de Sandro \u00e9 comemorado na casa de Penha. Otto convida Conrado para jantar. S\u00f4nia recebe convite para ir ao programa de F\u00e1tima Bernardes. Ros\u00e1rio e In\u00e1cio reatam o namoro. Elano e Conrado se encontram em restaurante. Ros\u00e1rio e In\u00e1cio namoram. Elano e Conrado brigam na frente de Cida e Otto. Ros\u00e1rio acorda de muito bom humor.<\/p>\n<p>Penha comenta com Cida sobre Gilson. Chayene se oferece para estrelar &#8220;Guerra dos Sexos&#8221;. Empreguetes anunciam retorno no programa de F\u00e1tima Bernardes. Ros\u00e1rio e Chayene s\u00e3o sequestradas. Ros\u00e1rio e Chayene s\u00e3o amarradas no cativeiro. In\u00e1cio pede ajuda de Fabian para salvar Ros\u00e1rio. In\u00e1cio p\u00f5e em pr\u00e1tica plano para salvar Ros\u00e1rio. Lygia sugere que Penha v\u00e1 atr\u00e1s de Gilson. In\u00e1cio chega ao cativeiro de Chayene e Ros\u00e1rio. Penha e Cida descobrem que Ros\u00e1rio foi sequestrada. Otto se surpreende com Ivone. D\u00e1lia fica encantada ao ver Fabian.<\/p>\n<p>(*) edi\u00e7\u00e3o das novelas da Globo, &#8220;Cheias de Charme&#8221;, sujeito a altera\u00e7\u00e3o de data e conte\u00fado.<\/p>\n<p>Sinopse \u201cCheias de Charme\u201d: Penha se apaixona por Gilson. O que ela desconhece \u00e9 que o gal\u00e3 \u00e9 uma antiga paix\u00e3o de juventude de Lygia e o verdadeiro pai de Samuel. Ap\u00f3s conquistar os holofotes, Ros\u00e1rio decide investir em sua carreira como cantora solo. Separada de In\u00e1cio devido a uma arma\u00e7\u00e3o de Fabian e Tom Bastos, ela aceita fazer uma turn\u00ea ao lado do pr\u00edncipe das dom\u00e9sticas, mas Chayene, revoltada com o suposto romance entre o cantor e sua rival, acaba desfigurando o rosto de Fabian ao lhe atirar um prato de sopa quente. <\/p>\n<p>Para n\u00e3o prejudicar os contratos que assinou, Tom Bastos convence In\u00e1cio a se passar por Fabian nos palcos enquanto \u00e9 dublado pelo original. Cida descobre que o ex-patr\u00e3o \u00e9 seu verdadeiro pai. Ernani leva Cida de volta para a mans\u00e3o. Agora \u00e9 ela quem sustenta a casa e d\u00e1 as carta ali, estremecendo o casamento j\u00e1 abalado entre Isadora e Conrado. No entanto, essa reaproxima\u00e7\u00e3o de Cida com os Sarmentos lhe custa o fim de seu namoro com o \u00edntegro advogado Elano.<\/p>\n","protected":false},"excerpt":{"rendered":"<p>Resumo da novela &#8220;Cheias de Charme&#8221; em 29\/08: no cap\u00edtulo 133(*) da novela, In\u00e1cio conta sua hist\u00f3ria no programa de Gentil Soares. Simone revela o segredo de Fabian. D\u00e1lia se prepara para sequestrar Ros\u00e1rio. Empres\u00e1rio alem\u00e3o pretende ajudar o Borralho. Rodinei pede Liara em casamento. Sucesso de Sandro \u00e9 comemorado na casa de Penha. Otto [&hellip;]<\/p>\n","protected":false},"author":2,"featured_media":243086,"comment_status":"closed","ping_status":"closed","sticky":false,"template":"","format":"standard","meta":{"tdm_status":"","tdm_grid_status":"","footnotes":""},"categories":[2325,379,375,2025,343],"tags":[441],"class_list":{"0":"post-246973","1":"post","2":"type-post","3":"status-publish","4":"format-standard","5":"has-post-thumbnail","7":"category-cheias-de-charme","8":"category-novelas","9":"category-rede-globo","10":"category-resumo","11":"category-televisao","12":"tag-resumo-do-dia"},"_links":{"self":[{"href":"https:\/\/migracao.redenoticia.com.br\/noticia\/wp-json\/wp\/v2\/posts\/246973","targetHints":{"allow":["GET"]}}],"collection":[{"href":"https:\/\/migracao.redenoticia.com.br\/noticia\/wp-json\/wp\/v2\/posts"}],"about":[{"href":"https:\/\/migracao.redenoticia.com.br\/noticia\/wp-json\/wp\/v2\/types\/post"}],"author":[{"embeddable":true,"href":"https:\/\/migracao.redenoticia.com.br\/noticia\/wp-json\/wp\/v2\/users\/2"}],"replies":[{"embeddable":true,"href":"https:\/\/migracao.redenoticia.com.br\/noticia\/wp-json\/wp\/v2\/comments?post=246973"}],"version-history":[{"count":0,"href":"https:\/\/migracao.redenoticia.com.br\/noticia\/wp-json\/wp\/v2\/posts\/246973\/revisions"}],"wp:featuredmedia":[{"embeddable":true,"href":"https:\/\/migracao.redenoticia.com.br\/noticia\/wp-json\/wp\/v2\/media\/243086"}],"wp:attachment":[{"href":"https:\/\/migracao.redenoticia.com.br\/noticia\/wp-json\/wp\/v2\/media?parent=246973"}],"wp:term":[{"taxonomy":"category","embeddable":true,"href":"https:\/\/migracao.redenoticia.com.br\/noticia\/wp-json\/wp\/v2\/categories?post=246973"},{"taxonomy":"post_tag","embeddable":true,"href":"https:\/\/migracao.redenoticia.com.br\/noticia\/wp-json\/wp\/v2\/tags?post=246973"}],"curies":[{"name":"wp","href":"https:\/\/api.w.org\/{rel}","templated":true}]}}