{"id":247054,"date":"2024-09-02T17:12:20","date_gmt":"2024-09-02T20:12:20","guid":{"rendered":"https:\/\/www.redenoticia.com.br\/noticia\/?p=247054"},"modified":"2024-09-02T17:12:20","modified_gmt":"2024-09-02T20:12:20","slug":"resumo-renascer-03-09-norberto-acolhe-lilith","status":"publish","type":"post","link":"https:\/\/migracao.redenoticia.com.br\/noticia\/2024\/resumo-renascer-03-09-norberto-acolhe-lilith\/247054","title":{"rendered":"Resumo &#8220;Renascer&#8221; 03\/09: Norberto acolhe Lilith"},"content":{"rendered":"<p> <img loading=\"lazy\" decoding=\"async\" src=\"https:\/\/migracao.redenoticia.com.br\/noticia\/imagens\/renascer-resumo-capitulos-hoje.jpg\" alt=\"\" width=\"1280\" height=\"720\" class=\"aligncenter size-full wp-image-241929\" srcset=\"https:\/\/migracao.redenoticia.com.br\/noticia\/imagens\/renascer-resumo-capitulos-hoje.jpg 1280w, https:\/\/migracao.redenoticia.com.br\/noticia\/imagens\/renascer-resumo-capitulos-hoje-250x140.jpg 250w, https:\/\/migracao.redenoticia.com.br\/noticia\/imagens\/renascer-resumo-capitulos-hoje-400x225.jpg 400w, https:\/\/migracao.redenoticia.com.br\/noticia\/imagens\/renascer-resumo-capitulos-hoje-768x432.jpg 768w, https:\/\/migracao.redenoticia.com.br\/noticia\/imagens\/renascer-resumo-capitulos-hoje-150x85.jpg 150w\" sizes=\"auto, (max-width: 1280px) 100vw, 1280px\" \/><\/p>\n<p><strong><em>Resumo da novela &#8220;Renascer&#8221;<\/em><\/strong> em 03\/09: no cap\u00edtulo 194(*) da novela, Mariana conta ao delegado que Dami\u00e3o tinha a miss\u00e3o de tirar a vida de Jos\u00e9 Inoc\u00eancio. Augusto tenta amenizar o sofrimento do pai. Delegado N\u00f3rcia afirma que Eg\u00eddio precisa provar que estava em Ilh\u00e9us no momento em que Jos\u00e9 Inoc\u00eancio foi alvejado. Dami\u00e3o garante a Bento e Jo\u00e3o Pedro que foi Eg\u00eddio quem atirou em Jos\u00e9 Inoc\u00eancio. Eliana amea\u00e7a Mariana. Bento avisa a Aurora que Jos\u00e9 Inoc\u00eancio sofreu um atentado e foi levado para um hospital em Ilh\u00e9us. Jos\u00e9 Inoc\u00eancio n\u00e3o gosta da presen\u00e7a de Aurora no hospital e pede que ela v\u00e1 embora. Lilith revela a Norberto que \u00e9 filha de Jacutinga.<\/p>\n<p>Norberto acolhe Lilith e se emociona com a not\u00edcia. Jos\u00e9 Inoc\u00eancio, na cadeira de rodas, recusa ajuda de todos para se locomover. Aurora tenta convencer Jos\u00e9 Inoc\u00eancio a ficar com ela, mas ele prefere terminar a rela\u00e7\u00e3o com a fazendeira. Eg\u00eddio visita Jos\u00e9 Inoc\u00eancio, fingindo cordialidade. Jos\u00e9 Inoc\u00eancio fica surpreso com a presen\u00e7a de Mariana em sua casa e n\u00e3o gosta. Jos\u00e9 Augusto revela ao pai que ele n\u00e3o vai mais andar e ele se revolta com a situa\u00e7\u00e3o e com os filhos. Morena e Deocleciano consolam Jo\u00e3o Pedro. In\u00e1cia sente um aperto no peito e diz para Teca que a vida da fam\u00edlia Inoc\u00eancio est\u00e1 nas m\u00e3os de Mariana.<\/p>\n<p>(*) edi\u00e7\u00e3o das novelas da Globo, &#8220;Renascer&#8221;, sujeito a altera\u00e7\u00e3o de data e conte\u00fado.<\/p>\n<p>Sinopse &#8220;Renascer&#8221;: Jos\u00e9 Inoc\u00eancio chegou na zona cacaueira de Ilh\u00e9us, na Bahia, e fincou um fac\u00e3o aos p\u00e9s de um frondoso jequitib\u00e1. Este gesto passa a ser o s\u00edmbolo de sua coragem e do sonho de se tornar eterno. Apaixona-se ap\u00f3s o boi-bumb\u00e1 passar por sua fazenda, casa-se com Maria Santa e torna-se pai de quatro filhos: Jos\u00e9 Augusto, Jos\u00e9 Bento, Jos\u00e9 Ven\u00e2ncio e Jo\u00e3o Pedro, o ca\u00e7ula, cujo nascimento \u00e9 acompanhado da morte da m\u00e3e, por complica\u00e7\u00f5es durante o parto.<\/p>\n<p>O fato faz com que Z\u00e9 Inoc\u00eancio desenvolva um relacionamento de \u00f3dio com o filho. Essa desaven\u00e7a \u00e9 que conduz todas as tramas da hist\u00f3ria. Elas se aceleram quando Inoc\u00eancio, j\u00e1 cinquent\u00e3o, conquista e casa-se com a namorada de Jo\u00e3o Pedro, a jovem Mariana. Esta \u00e9 neta do seu maior desafeto no passado, Belarmino, assassinado de forma misteriosa, com as suspeitas recaindo sobre o pr\u00f3prio Inoc\u00eancio. <\/p>\n","protected":false},"excerpt":{"rendered":"<p>Resumo da novela &#8220;Renascer&#8221; em 03\/09: no cap\u00edtulo 194(*) da novela, Mariana conta ao delegado que Dami\u00e3o tinha a miss\u00e3o de tirar a vida de Jos\u00e9 Inoc\u00eancio. Augusto tenta amenizar o sofrimento do pai. Delegado N\u00f3rcia afirma que Eg\u00eddio precisa provar que estava em Ilh\u00e9us no momento em que Jos\u00e9 Inoc\u00eancio foi alvejado. Dami\u00e3o garante [&hellip;]<\/p>\n","protected":false},"author":2,"featured_media":241527,"comment_status":"closed","ping_status":"closed","sticky":false,"template":"","format":"standard","meta":{"tdm_status":"","tdm_grid_status":"","footnotes":""},"categories":[379,375,2323,2025,343],"tags":[441],"class_list":{"0":"post-247054","1":"post","2":"type-post","3":"status-publish","4":"format-standard","5":"has-post-thumbnail","7":"category-novelas","8":"category-rede-globo","9":"category-renascer","10":"category-resumo","11":"category-televisao","12":"tag-resumo-do-dia"},"_links":{"self":[{"href":"https:\/\/migracao.redenoticia.com.br\/noticia\/wp-json\/wp\/v2\/posts\/247054","targetHints":{"allow":["GET"]}}],"collection":[{"href":"https:\/\/migracao.redenoticia.com.br\/noticia\/wp-json\/wp\/v2\/posts"}],"about":[{"href":"https:\/\/migracao.redenoticia.com.br\/noticia\/wp-json\/wp\/v2\/types\/post"}],"author":[{"embeddable":true,"href":"https:\/\/migracao.redenoticia.com.br\/noticia\/wp-json\/wp\/v2\/users\/2"}],"replies":[{"embeddable":true,"href":"https:\/\/migracao.redenoticia.com.br\/noticia\/wp-json\/wp\/v2\/comments?post=247054"}],"version-history":[{"count":0,"href":"https:\/\/migracao.redenoticia.com.br\/noticia\/wp-json\/wp\/v2\/posts\/247054\/revisions"}],"wp:featuredmedia":[{"embeddable":true,"href":"https:\/\/migracao.redenoticia.com.br\/noticia\/wp-json\/wp\/v2\/media\/241527"}],"wp:attachment":[{"href":"https:\/\/migracao.redenoticia.com.br\/noticia\/wp-json\/wp\/v2\/media?parent=247054"}],"wp:term":[{"taxonomy":"category","embeddable":true,"href":"https:\/\/migracao.redenoticia.com.br\/noticia\/wp-json\/wp\/v2\/categories?post=247054"},{"taxonomy":"post_tag","embeddable":true,"href":"https:\/\/migracao.redenoticia.com.br\/noticia\/wp-json\/wp\/v2\/tags?post=247054"}],"curies":[{"name":"wp","href":"https:\/\/api.w.org\/{rel}","templated":true}]}}