{"id":247056,"date":"2024-09-01T14:59:40","date_gmt":"2024-09-01T17:59:40","guid":{"rendered":"https:\/\/www.redenoticia.com.br\/noticia\/?p=247056"},"modified":"2024-09-01T14:59:40","modified_gmt":"2024-09-01T17:59:40","slug":"resumo-contigo-sim-02-09-julio-descobre-que-leonardo-e-seu-filho","status":"publish","type":"post","link":"https:\/\/migracao.redenoticia.com.br\/noticia\/2024\/resumo-contigo-sim-02-09-julio-descobre-que-leonardo-e-seu-filho\/247056","title":{"rendered":"Resumo \u201cContigo Sim\u201d 02\/09: Julio descobre que Leonardo \u00e9 seu filho"},"content":{"rendered":"<p> <img loading=\"lazy\" decoding=\"async\" src=\"https:\/\/migracao.redenoticia.com.br\/noticia\/imagens\/novela-contigo-sim-capitulo-resumo.jpg\" alt=\"\" width=\"1280\" height=\"720\" class=\"aligncenter size-full wp-image-243831\" srcset=\"https:\/\/migracao.redenoticia.com.br\/noticia\/imagens\/novela-contigo-sim-capitulo-resumo.jpg 1280w, https:\/\/migracao.redenoticia.com.br\/noticia\/imagens\/novela-contigo-sim-capitulo-resumo-250x140.jpg 250w, https:\/\/migracao.redenoticia.com.br\/noticia\/imagens\/novela-contigo-sim-capitulo-resumo-400x225.jpg 400w, https:\/\/migracao.redenoticia.com.br\/noticia\/imagens\/novela-contigo-sim-capitulo-resumo-768x432.jpg 768w, https:\/\/migracao.redenoticia.com.br\/noticia\/imagens\/novela-contigo-sim-capitulo-resumo-150x85.jpg 150w\" sizes=\"auto, (max-width: 1280px) 100vw, 1280px\" \/>    <\/p>\n<p><strong><em>Resumo da novela \u201cContigo Sim\u201d<\/em><\/strong> em 02\/09: no cap\u00edtulo 096(*) da novela, Angela confirma a Dom Gerardo que deseja voltar a Real del Mar porque as coisas n\u00e3o v\u00e3o bem para ela na cidade. Ele n\u00e3o hesita em garantir-lhe que a apoiar\u00e1 no projeto de constru\u00e7\u00e3o do hospital. Pablo consegue acordar. Samanta descobre que seu pai cancelou o or\u00e7amento de sua \u00e1rea, ent\u00e3o ela reclama com ele, mas ele garante que agora ela deve cuidar das consequ\u00eancias da guerra que ela mesma iniciou. Clarita pede a Dar\u00edo que n\u00e3o tenha ci\u00fames dela. <\/p>\n<p>Leonardo tenta acalmar Alma. Julio descobre que Leonardo \u00e9 seu filho. \u00c1lvaro pede o div\u00f3rcio a Samanta, mas ela reage violentamente batendo na cabe\u00e7a dele e vendo-o fraco, ela o droga e se aproveita dele. \u00c1ngela se despede de Leonardo j\u00e1 que est\u00e1 decidida a voltar para Real del Mar, ent\u00e3o ele n\u00e3o hesita em dar-lhe seu \u00faltimo beijo.<\/p>\n<p>(*) edi\u00e7\u00e3o das novelas do SBT, \u201cContigo Sim\u201d, sujeito a altera\u00e7\u00e3o de data e conte\u00fado.<\/p>\n<p>Sinopse: \u201cContigo Sim\u201d conta a hist\u00f3ria de \u00c1ngela (Alejandra Robles Gil), que \u00e9 enfermeira e estudante de medicina. Ela \u00e9 seduzida por \u00c1lvaro (Danilo Carrera), um jovem ambicioso que visita sua cidade em viagem de neg\u00f3cios para construir um hospital. \u00c1ngela e \u00c1lvaro se casam, mas ele a abandona e volta para a Cidade do M\u00e9xico, onde fica noivo de Samantha (B\u00e1rbara Islas) e se casa com ela tamb\u00e9m. \u00c1ngela decide ir para a Cidade do M\u00e9xico em busca de \u00c1lvaro, ela descobre o engano e conhece Leonardo (Brandon Peniche), um m\u00e9dico que se apaixona por ela e passa a ser seu protetor. \u00c1ngela lutar\u00e1 incansavelmente contra as adversidades do destino, na busca pelo amor verdadeiro.<\/p>\n","protected":false},"excerpt":{"rendered":"<p>Resumo da novela \u201cContigo Sim\u201d em 02\/09: no cap\u00edtulo 096(*) da novela, Angela confirma a Dom Gerardo que deseja voltar a Real del Mar porque as coisas n\u00e3o v\u00e3o bem para ela na cidade. Ele n\u00e3o hesita em garantir-lhe que a apoiar\u00e1 no projeto de constru\u00e7\u00e3o do hospital. Pablo consegue acordar. Samanta descobre que seu [&hellip;]<\/p>\n","protected":false},"author":3,"featured_media":243830,"comment_status":"closed","ping_status":"closed","sticky":false,"template":"","format":"standard","meta":{"tdm_status":"","tdm_grid_status":"","footnotes":""},"categories":[2327,379,2025,372,343],"tags":[441],"class_list":{"0":"post-247056","1":"post","2":"type-post","3":"status-publish","4":"format-standard","5":"has-post-thumbnail","7":"category-contigo-sim","8":"category-novelas","9":"category-resumo","10":"category-sbt","11":"category-televisao","12":"tag-resumo-do-dia"},"_links":{"self":[{"href":"https:\/\/migracao.redenoticia.com.br\/noticia\/wp-json\/wp\/v2\/posts\/247056","targetHints":{"allow":["GET"]}}],"collection":[{"href":"https:\/\/migracao.redenoticia.com.br\/noticia\/wp-json\/wp\/v2\/posts"}],"about":[{"href":"https:\/\/migracao.redenoticia.com.br\/noticia\/wp-json\/wp\/v2\/types\/post"}],"author":[{"embeddable":true,"href":"https:\/\/migracao.redenoticia.com.br\/noticia\/wp-json\/wp\/v2\/users\/3"}],"replies":[{"embeddable":true,"href":"https:\/\/migracao.redenoticia.com.br\/noticia\/wp-json\/wp\/v2\/comments?post=247056"}],"version-history":[{"count":0,"href":"https:\/\/migracao.redenoticia.com.br\/noticia\/wp-json\/wp\/v2\/posts\/247056\/revisions"}],"wp:featuredmedia":[{"embeddable":true,"href":"https:\/\/migracao.redenoticia.com.br\/noticia\/wp-json\/wp\/v2\/media\/243830"}],"wp:attachment":[{"href":"https:\/\/migracao.redenoticia.com.br\/noticia\/wp-json\/wp\/v2\/media?parent=247056"}],"wp:term":[{"taxonomy":"category","embeddable":true,"href":"https:\/\/migracao.redenoticia.com.br\/noticia\/wp-json\/wp\/v2\/categories?post=247056"},{"taxonomy":"post_tag","embeddable":true,"href":"https:\/\/migracao.redenoticia.com.br\/noticia\/wp-json\/wp\/v2\/tags?post=247056"}],"curies":[{"name":"wp","href":"https:\/\/api.w.org\/{rel}","templated":true}]}}