{"id":247058,"date":"2024-09-01T15:02:30","date_gmt":"2024-09-01T18:02:30","guid":{"rendered":"https:\/\/www.redenoticia.com.br\/noticia\/?p=247058"},"modified":"2024-09-01T15:02:30","modified_gmt":"2024-09-01T18:02:30","slug":"resumo-a-caverna-encantada-02-09-elisa-conta-a-pilar-que-paulo-morreu","status":"publish","type":"post","link":"https:\/\/migracao.redenoticia.com.br\/noticia\/2024\/resumo-a-caverna-encantada-02-09-elisa-conta-a-pilar-que-paulo-morreu\/247058","title":{"rendered":"Resumo \u201cA Caverna Encantada\u201d 02\/09: Elisa conta a Pilar que Paulo morreu"},"content":{"rendered":"<p> <img loading=\"lazy\" decoding=\"async\" src=\"https:\/\/migracao.redenoticia.com.br\/noticia\/imagens\/a-caverna-encantada-resumo-novela.jpg\" alt=\"\" width=\"1280\" height=\"720\" class=\"aligncenter size-full wp-image-246126\" srcset=\"https:\/\/migracao.redenoticia.com.br\/noticia\/imagens\/a-caverna-encantada-resumo-novela.jpg 1280w, https:\/\/migracao.redenoticia.com.br\/noticia\/imagens\/a-caverna-encantada-resumo-novela-250x140.jpg 250w, https:\/\/migracao.redenoticia.com.br\/noticia\/imagens\/a-caverna-encantada-resumo-novela-400x225.jpg 400w, https:\/\/migracao.redenoticia.com.br\/noticia\/imagens\/a-caverna-encantada-resumo-novela-768x432.jpg 768w, https:\/\/migracao.redenoticia.com.br\/noticia\/imagens\/a-caverna-encantada-resumo-novela-150x85.jpg 150w\" sizes=\"auto, (max-width: 1280px) 100vw, 1280px\" \/> <\/p>\n<p><strong><em>Resumo da novela \u201cA Caverna Encantada\u201d<\/em><\/strong> em 02\/09: no cap\u00edtulo 026(*) da novela, Norma recebe um telefonema informando que as buscas por Paulo foram encerradas e que ele foi dado como morto. Anna, Manu, Isadora e Nina escutam um assobio atr\u00e1s da estante de livros da biblioteca. Norma comemora a not\u00edcia da morte de Paulo, porque pode se tornar a nova propriet\u00e1ria do Col\u00e9gio Interno Rosa dos Ventos. Felipe alerta Lav\u00ednia que Anna lan\u00e7ou um feiti\u00e7o em Norma e manda a garota usar um colar de dente de alho para se proteger. <\/p>\n<p>Sem querer, Elisa conta a Pilar que Paulo morreu. Norma escreve um discurso para informar Anna sobre o ocorrido, mas Pilar pede para que espere. Moleza revela para Manu que sabe falar. Felipe diz a Lav\u00ednia que a efic\u00e1cia do alho precisa ser refrigerada para ganhar mais pot\u00eancia e a menina se esconde na geladeira. <\/p>\n<p>(*) edi\u00e7\u00e3o das novelas do SBT, \u201cA Caverna Encantada\u201d, sujeito a altera\u00e7\u00e3o de data e conte\u00fado.<\/p>\n<p>Sinopse \u201cA Caverna Encantada\u201d: A trama conta a hist\u00f3ria de Anna, uma menina de 7 anos, filha do m\u00e9dico e tamb\u00e9m mission\u00e1rio Paulo. O pai recebe um chamado para uma miss\u00e3o perigosa e, infelizmente, Anna n\u00e3o poder\u00e1 acompanh\u00e1-lo. Paulo deixa a filha Anna num col\u00e9gio interno no interior de S\u00e3o Paulo, onde a garota vai conviver com crian\u00e7as bem diferentes. O pai garante voltar no dia do anivers\u00e1rio da filha, mas misteriosamente, n\u00e3o retorna. Anna decide investigar os motivos sobre o sumi\u00e7o do pai e descobre algumas coisas interessantes sobre seu passado.<\/p>\n","protected":false},"excerpt":{"rendered":"<p>Resumo da novela \u201cA Caverna Encantada\u201d em 02\/09: no cap\u00edtulo 026(*) da novela, Norma recebe um telefonema informando que as buscas por Paulo foram encerradas e que ele foi dado como morto. Anna, Manu, Isadora e Nina escutam um assobio atr\u00e1s da estante de livros da biblioteca. Norma comemora a not\u00edcia da morte de Paulo, [&hellip;]<\/p>\n","protected":false},"author":4,"featured_media":246125,"comment_status":"closed","ping_status":"closed","sticky":false,"template":"","format":"standard","meta":{"tdm_status":"","tdm_grid_status":"","footnotes":""},"categories":[2331,379,2025,372,343],"tags":[441],"class_list":{"0":"post-247058","1":"post","2":"type-post","3":"status-publish","4":"format-standard","5":"has-post-thumbnail","7":"category-a-caverna-encantada","8":"category-novelas","9":"category-resumo","10":"category-sbt","11":"category-televisao","12":"tag-resumo-do-dia"},"_links":{"self":[{"href":"https:\/\/migracao.redenoticia.com.br\/noticia\/wp-json\/wp\/v2\/posts\/247058","targetHints":{"allow":["GET"]}}],"collection":[{"href":"https:\/\/migracao.redenoticia.com.br\/noticia\/wp-json\/wp\/v2\/posts"}],"about":[{"href":"https:\/\/migracao.redenoticia.com.br\/noticia\/wp-json\/wp\/v2\/types\/post"}],"author":[{"embeddable":true,"href":"https:\/\/migracao.redenoticia.com.br\/noticia\/wp-json\/wp\/v2\/users\/4"}],"replies":[{"embeddable":true,"href":"https:\/\/migracao.redenoticia.com.br\/noticia\/wp-json\/wp\/v2\/comments?post=247058"}],"version-history":[{"count":0,"href":"https:\/\/migracao.redenoticia.com.br\/noticia\/wp-json\/wp\/v2\/posts\/247058\/revisions"}],"wp:featuredmedia":[{"embeddable":true,"href":"https:\/\/migracao.redenoticia.com.br\/noticia\/wp-json\/wp\/v2\/media\/246125"}],"wp:attachment":[{"href":"https:\/\/migracao.redenoticia.com.br\/noticia\/wp-json\/wp\/v2\/media?parent=247058"}],"wp:term":[{"taxonomy":"category","embeddable":true,"href":"https:\/\/migracao.redenoticia.com.br\/noticia\/wp-json\/wp\/v2\/categories?post=247058"},{"taxonomy":"post_tag","embeddable":true,"href":"https:\/\/migracao.redenoticia.com.br\/noticia\/wp-json\/wp\/v2\/tags?post=247058"}],"curies":[{"name":"wp","href":"https:\/\/api.w.org\/{rel}","templated":true}]}}