{"id":247060,"date":"2024-09-01T15:05:24","date_gmt":"2024-09-01T18:05:24","guid":{"rendered":"https:\/\/www.redenoticia.com.br\/noticia\/?p=247060"},"modified":"2024-09-01T15:05:24","modified_gmt":"2024-09-01T18:05:24","slug":"resumo-cabocla-02-09-pequetita-ve-luis-com-pepa","status":"publish","type":"post","link":"https:\/\/migracao.redenoticia.com.br\/noticia\/2024\/resumo-cabocla-02-09-pequetita-ve-luis-com-pepa\/247060","title":{"rendered":"Resumo &#8220;Cabocla&#8221; 02\/09: Pequetita v\u00ea Lu\u00eds com Pepa"},"content":{"rendered":"<p> <img loading=\"lazy\" decoding=\"async\" src=\"https:\/\/migracao.redenoticia.com.br\/noticia\/imagens\/cabocla-resumo-novela.jpg\" alt=\"\" width=\"1280\" height=\"720\" class=\"aligncenter size-full wp-image-246754\" srcset=\"https:\/\/migracao.redenoticia.com.br\/noticia\/imagens\/cabocla-resumo-novela.jpg 1280w, https:\/\/migracao.redenoticia.com.br\/noticia\/imagens\/cabocla-resumo-novela-250x140.jpg 250w, https:\/\/migracao.redenoticia.com.br\/noticia\/imagens\/cabocla-resumo-novela-400x225.jpg 400w, https:\/\/migracao.redenoticia.com.br\/noticia\/imagens\/cabocla-resumo-novela-768x432.jpg 768w, https:\/\/migracao.redenoticia.com.br\/noticia\/imagens\/cabocla-resumo-novela-150x85.jpg 150w\" sizes=\"auto, (max-width: 1280px) 100vw, 1280px\" \/>  <\/p>\n<p><em><strong>Resumo da novela &#8220;Cabocla&#8221;<\/strong><\/em> em 02\/09: no cap\u00edtulo 007(*) da novela, Tom\u00e9 garante a Neco que ainda \u00e9 seu amigo, apesar de n\u00e3o trabalhar mais para Justino. Joaquim perde a paci\u00eancia com Lu\u00eds e avisa que ele vai viajar de qualquer jeito. Neco se encontra com Belinha. Tom\u00e9 v\u00ea os dois conversando, pega Belinha e sai galopando. Tom\u00e9 afirma para Belinha que n\u00e3o queria que ningu\u00e9m a visse conversando com Neco. Belinha manda que Tom\u00e9 n\u00e3o se intrometa em sua vida. Tobias planeja trabalhar nas terras de Fel\u00edcio depois que se casar. Joaquim manda um telegrama a Boanerges pedindo hospedagem para Lu\u00eds. <\/p>\n<p>Pequetita v\u00ea Lu\u00eds com Pepa e fica furiosa. Neco percebe que Mariquinha gosta de Tobias e acha gra\u00e7a. Boanerges promete ajudar Tobias se ele quiser trabalhar nas terras de seu pai. Xex\u00e9u avisa a Justino que Fel\u00edcio n\u00e3o \u00e9 legalmente dono de suas terras. Neco confessa para Tom\u00e9 que est\u00e1 gostando de Belinha e pede que ele lhe entregue uma carta. Emerenciana v\u00ea Tom\u00e9 entregar a carta a Belinha.<\/p>\n<p>(*) edi\u00e7\u00e3o das novelas da Globo, &#8220;Cabocla&#8221;, sujeito a altera\u00e7\u00e3o de data e conte\u00fado.<\/p>\n<p>Sinopse \u201cCabocla\u201d: Lu\u00eds Jer\u00f4nimo \u00e9 um jovem mulherengo, descobre que est\u00e1 com uma les\u00e3o no pulm\u00e3o e decide passar uma temporada na fazenda de um primo em Vila da Mata, o coronel Boanerges. Ele logo se encanta por Zuca. Eles enfrentar\u00e3o muita resist\u00eancia por conta de Zuca ser noiva do teimoso e encrenqueiro pe\u00e3o Tobias. Pepa, apaixonada por Lu\u00eds, se estabelece na fazenda vizinha, de propriedade do coronel vi\u00favo Justino, inimigo pol\u00edtico do coronel Boanerges.<\/p>\n<p>Paralelamente a esse embate, acontece o amor entre Belinha e Neco. Ela \u00e9 filha de Boanerges e Emerenciana; ele, de Justino. Em meio a tudo isso, eis que os sentimentos de Mariquinha, filha do coronel Justino e irm\u00e3 de Neco, por Tobias afloraram, fazendo-os viverem um quarteto amoroso ao lado de Zuca e Lu\u00eds Jer\u00f4nimo. No decorrer da trama, Tom\u00e9 desiste de esperar Rosa e se apaixona por Tina, por\u00e9m acaba morrendo, v\u00edtima de um assassinato, e deixa Tina vi\u00fava e gr\u00e1vida dele.<\/p>\n","protected":false},"excerpt":{"rendered":"<p>Resumo da novela &#8220;Cabocla&#8221; em 02\/09: no cap\u00edtulo 007(*) da novela, Tom\u00e9 garante a Neco que ainda \u00e9 seu amigo, apesar de n\u00e3o trabalhar mais para Justino. Joaquim perde a paci\u00eancia com Lu\u00eds e avisa que ele vai viajar de qualquer jeito. Neco se encontra com Belinha. Tom\u00e9 v\u00ea os dois conversando, pega Belinha e [&hellip;]<\/p>\n","protected":false},"author":2,"featured_media":246755,"comment_status":"closed","ping_status":"closed","sticky":false,"template":"","format":"standard","meta":{"tdm_status":"","tdm_grid_status":"","footnotes":""},"categories":[2332,379,375,2025,343],"tags":[441],"class_list":{"0":"post-247060","1":"post","2":"type-post","3":"status-publish","4":"format-standard","5":"has-post-thumbnail","7":"category-cabocla","8":"category-novelas","9":"category-rede-globo","10":"category-resumo","11":"category-televisao","12":"tag-resumo-do-dia"},"_links":{"self":[{"href":"https:\/\/migracao.redenoticia.com.br\/noticia\/wp-json\/wp\/v2\/posts\/247060","targetHints":{"allow":["GET"]}}],"collection":[{"href":"https:\/\/migracao.redenoticia.com.br\/noticia\/wp-json\/wp\/v2\/posts"}],"about":[{"href":"https:\/\/migracao.redenoticia.com.br\/noticia\/wp-json\/wp\/v2\/types\/post"}],"author":[{"embeddable":true,"href":"https:\/\/migracao.redenoticia.com.br\/noticia\/wp-json\/wp\/v2\/users\/2"}],"replies":[{"embeddable":true,"href":"https:\/\/migracao.redenoticia.com.br\/noticia\/wp-json\/wp\/v2\/comments?post=247060"}],"version-history":[{"count":0,"href":"https:\/\/migracao.redenoticia.com.br\/noticia\/wp-json\/wp\/v2\/posts\/247060\/revisions"}],"wp:featuredmedia":[{"embeddable":true,"href":"https:\/\/migracao.redenoticia.com.br\/noticia\/wp-json\/wp\/v2\/media\/246755"}],"wp:attachment":[{"href":"https:\/\/migracao.redenoticia.com.br\/noticia\/wp-json\/wp\/v2\/media?parent=247060"}],"wp:term":[{"taxonomy":"category","embeddable":true,"href":"https:\/\/migracao.redenoticia.com.br\/noticia\/wp-json\/wp\/v2\/categories?post=247060"},{"taxonomy":"post_tag","embeddable":true,"href":"https:\/\/migracao.redenoticia.com.br\/noticia\/wp-json\/wp\/v2\/tags?post=247060"}],"curies":[{"name":"wp","href":"https:\/\/api.w.org\/{rel}","templated":true}]}}