{"id":247082,"date":"2024-09-02T17:03:10","date_gmt":"2024-09-02T20:03:10","guid":{"rendered":"https:\/\/www.redenoticia.com.br\/noticia\/?p=247082"},"modified":"2024-09-02T17:03:10","modified_gmt":"2024-09-02T20:03:10","slug":"resumo-contigo-sim-03-09-samanta-deixa-alvaro-trancado-em-seu-quarto","status":"publish","type":"post","link":"https:\/\/migracao.redenoticia.com.br\/noticia\/2024\/resumo-contigo-sim-03-09-samanta-deixa-alvaro-trancado-em-seu-quarto\/247082","title":{"rendered":"Resumo \u201cContigo Sim\u201d 03\/09: Samanta deixa \u00c1lvaro trancado em seu quarto"},"content":{"rendered":"<p> <img loading=\"lazy\" decoding=\"async\" src=\"https:\/\/migracao.redenoticia.com.br\/noticia\/imagens\/novela-contigo-sim-capitulo-resumo.jpg\" alt=\"\" width=\"1280\" height=\"720\" class=\"aligncenter size-full wp-image-243831\" srcset=\"https:\/\/migracao.redenoticia.com.br\/noticia\/imagens\/novela-contigo-sim-capitulo-resumo.jpg 1280w, https:\/\/migracao.redenoticia.com.br\/noticia\/imagens\/novela-contigo-sim-capitulo-resumo-250x140.jpg 250w, https:\/\/migracao.redenoticia.com.br\/noticia\/imagens\/novela-contigo-sim-capitulo-resumo-400x225.jpg 400w, https:\/\/migracao.redenoticia.com.br\/noticia\/imagens\/novela-contigo-sim-capitulo-resumo-768x432.jpg 768w, https:\/\/migracao.redenoticia.com.br\/noticia\/imagens\/novela-contigo-sim-capitulo-resumo-150x85.jpg 150w\" sizes=\"auto, (max-width: 1280px) 100vw, 1280px\" \/>    <\/p>\n<p><strong><em>Resumo da novela \u201cContigo Sim\u201d<\/em><\/strong> em 03\/09: no cap\u00edtulo 097(*) da novela, Don Gerardo consegue falar com Ram\u00f3n e confirma que Fulg\u00eancio \u00e9 o assassino de Gabino, por isso se disp\u00f5e a testemunhar a favor de Adelia. Alma garante \u00e0 Dra. Josefina que s\u00f3 poder\u00e1 ficar tranquila quando Leonardo se comprometer a estar com ela. \u00c1ngela informa \u00e0 m\u00e3e que, ao sair da pris\u00e3o, pretende voltar para Real del Mar. <\/p>\n<p>Samanta deixa \u00c1lvaro trancado em seu quarto. Dom Gerardo d\u00e1 uma excelente not\u00edcia para \u00c1ngela. Samanta e Mirta se encontram com Benjam\u00edn para encontrar uma forma de \u201csilenciar\u201d Ram\u00f3n e n\u00e3o testemunhar a favor de Adela. Dar\u00edo sabe que n\u00e3o \u00e9 homem para Clarita por isso se recusa a casar com ela. Samanta d\u00e1 um tapa em \u00c1ngela ao saber que \u00c1lvaro lhe pediu o div\u00f3rcio, por sua vez, ele procura \u00c1ngela e garante que est\u00e1 sozinho.<\/p>\n<p>(*) edi\u00e7\u00e3o das novelas do SBT, \u201cContigo Sim\u201d, sujeito a altera\u00e7\u00e3o de data e conte\u00fado.<\/p>\n<p>Sinopse: \u201cContigo Sim\u201d conta a hist\u00f3ria de \u00c1ngela (Alejandra Robles Gil), que \u00e9 enfermeira e estudante de medicina. Ela \u00e9 seduzida por \u00c1lvaro (Danilo Carrera), um jovem ambicioso que visita sua cidade em viagem de neg\u00f3cios para construir um hospital. \u00c1ngela e \u00c1lvaro se casam, mas ele a abandona e volta para a Cidade do M\u00e9xico, onde fica noivo de Samantha (B\u00e1rbara Islas) e se casa com ela tamb\u00e9m. \u00c1ngela decide ir para a Cidade do M\u00e9xico em busca de \u00c1lvaro, ela descobre o engano e conhece Leonardo (Brandon Peniche), um m\u00e9dico que se apaixona por ela e passa a ser seu protetor. \u00c1ngela lutar\u00e1 incansavelmente contra as adversidades do destino, na busca pelo amor verdadeiro. <\/p>\n","protected":false},"excerpt":{"rendered":"<p>Resumo da novela \u201cContigo Sim\u201d em 03\/09: no cap\u00edtulo 097(*) da novela, Don Gerardo consegue falar com Ram\u00f3n e confirma que Fulg\u00eancio \u00e9 o assassino de Gabino, por isso se disp\u00f5e a testemunhar a favor de Adelia. Alma garante \u00e0 Dra. Josefina que s\u00f3 poder\u00e1 ficar tranquila quando Leonardo se comprometer a estar com ela. [&hellip;]<\/p>\n","protected":false},"author":3,"featured_media":243830,"comment_status":"closed","ping_status":"closed","sticky":false,"template":"","format":"standard","meta":{"tdm_status":"","tdm_grid_status":"","footnotes":""},"categories":[2327,379,2025,372,343],"tags":[441],"class_list":{"0":"post-247082","1":"post","2":"type-post","3":"status-publish","4":"format-standard","5":"has-post-thumbnail","7":"category-contigo-sim","8":"category-novelas","9":"category-resumo","10":"category-sbt","11":"category-televisao","12":"tag-resumo-do-dia"},"_links":{"self":[{"href":"https:\/\/migracao.redenoticia.com.br\/noticia\/wp-json\/wp\/v2\/posts\/247082","targetHints":{"allow":["GET"]}}],"collection":[{"href":"https:\/\/migracao.redenoticia.com.br\/noticia\/wp-json\/wp\/v2\/posts"}],"about":[{"href":"https:\/\/migracao.redenoticia.com.br\/noticia\/wp-json\/wp\/v2\/types\/post"}],"author":[{"embeddable":true,"href":"https:\/\/migracao.redenoticia.com.br\/noticia\/wp-json\/wp\/v2\/users\/3"}],"replies":[{"embeddable":true,"href":"https:\/\/migracao.redenoticia.com.br\/noticia\/wp-json\/wp\/v2\/comments?post=247082"}],"version-history":[{"count":0,"href":"https:\/\/migracao.redenoticia.com.br\/noticia\/wp-json\/wp\/v2\/posts\/247082\/revisions"}],"wp:featuredmedia":[{"embeddable":true,"href":"https:\/\/migracao.redenoticia.com.br\/noticia\/wp-json\/wp\/v2\/media\/243830"}],"wp:attachment":[{"href":"https:\/\/migracao.redenoticia.com.br\/noticia\/wp-json\/wp\/v2\/media?parent=247082"}],"wp:term":[{"taxonomy":"category","embeddable":true,"href":"https:\/\/migracao.redenoticia.com.br\/noticia\/wp-json\/wp\/v2\/categories?post=247082"},{"taxonomy":"post_tag","embeddable":true,"href":"https:\/\/migracao.redenoticia.com.br\/noticia\/wp-json\/wp\/v2\/tags?post=247082"}],"curies":[{"name":"wp","href":"https:\/\/api.w.org\/{rel}","templated":true}]}}