{"id":247086,"date":"2024-09-02T17:05:45","date_gmt":"2024-09-02T20:05:45","guid":{"rendered":"https:\/\/www.redenoticia.com.br\/noticia\/?p=247086"},"modified":"2024-09-02T17:05:45","modified_gmt":"2024-09-02T20:05:45","slug":"resumo-cabocla-03-09-tome-aconselha-neco-a-se-afastar-de-belinha","status":"publish","type":"post","link":"https:\/\/migracao.redenoticia.com.br\/noticia\/2024\/resumo-cabocla-03-09-tome-aconselha-neco-a-se-afastar-de-belinha\/247086","title":{"rendered":"Resumo &#8220;Cabocla&#8221; 03\/09: Tom\u00e9 aconselha Neco a se afastar de Belinha"},"content":{"rendered":"<p> <img loading=\"lazy\" decoding=\"async\" src=\"https:\/\/migracao.redenoticia.com.br\/noticia\/imagens\/cabocla-resumo-novela.jpg\" alt=\"\" width=\"1280\" height=\"720\" class=\"aligncenter size-full wp-image-246754\" srcset=\"https:\/\/migracao.redenoticia.com.br\/noticia\/imagens\/cabocla-resumo-novela.jpg 1280w, https:\/\/migracao.redenoticia.com.br\/noticia\/imagens\/cabocla-resumo-novela-250x140.jpg 250w, https:\/\/migracao.redenoticia.com.br\/noticia\/imagens\/cabocla-resumo-novela-400x225.jpg 400w, https:\/\/migracao.redenoticia.com.br\/noticia\/imagens\/cabocla-resumo-novela-768x432.jpg 768w, https:\/\/migracao.redenoticia.com.br\/noticia\/imagens\/cabocla-resumo-novela-150x85.jpg 150w\" sizes=\"auto, (max-width: 1280px) 100vw, 1280px\" \/>  <\/p>\n<p><em><strong>Resumo da novela &#8220;Cabocla&#8221;<\/strong><\/em> em 03\/09: no cap\u00edtulo 008(*) da novela, Justino quer comprar o s\u00edtio de Fel\u00edcio. Emerenciana pede que Belinha lhe d\u00ea a carta. Justino d\u00e1 um prazo para Fel\u00edcio decidir que pre\u00e7o quer pelas terras. Belinha rasga a carta. Fel\u00edcio fica preocupado. Lu\u00eds se prepara para viajar. Boanerges decide levar sua fam\u00edlia para Vila da Mata para que eles possam receber Lu\u00eds com mais conforto. Tina diz a Tom\u00e9 que Rosa foi embora porque quis, deixando-o irritado. Generosa tem certeza de que a filha vai voltar. <\/p>\n<p>Belinha pede que Tom\u00e9 avise a Neco que ela n\u00e3o vai poder encontr\u00e1-lo. Tom\u00e9 aconselha Neco a se afastar de Belinha. Mac\u00e1rio avisa a Boanerges que um dos vereadores lan\u00e7ou-o candidato \u00e0 prefeitura. Fel\u00edcio comenta com Tobias que n\u00e3o tem nenhum papel para provar que as terras lhe pertencem. Tobias garante a Justino que as terras de seu pai n\u00e3o est\u00e3o \u00e0 venda. Neco ouve. Lu\u00eds chega. <\/p>\n<p>(*) edi\u00e7\u00e3o das novelas da Globo, &#8220;Cabocla&#8221;, sujeito a altera\u00e7\u00e3o de data e conte\u00fado.<\/p>\n<p>Sinopse \u201cCabocla\u201d: Lu\u00eds Jer\u00f4nimo \u00e9 um jovem mulherengo, descobre que est\u00e1 com uma les\u00e3o no pulm\u00e3o e decide passar uma temporada na fazenda de um primo em Vila da Mata, o coronel Boanerges. Ele logo se encanta por Zuca. Eles enfrentar\u00e3o muita resist\u00eancia por conta de Zuca ser noiva do teimoso e encrenqueiro pe\u00e3o Tobias. Pepa, apaixonada por Lu\u00eds, se estabelece na fazenda vizinha, de propriedade do coronel vi\u00favo Justino, inimigo pol\u00edtico do coronel Boanerges.<\/p>\n<p>Paralelamente a esse embate, acontece o amor entre Belinha e Neco. Ela \u00e9 filha de Boanerges e Emerenciana; ele, de Justino. Em meio a tudo isso, eis que os sentimentos de Mariquinha, filha do coronel Justino e irm\u00e3 de Neco, por Tobias afloraram, fazendo-os viverem um quarteto amoroso ao lado de Zuca e Lu\u00eds Jer\u00f4nimo. No decorrer da trama, Tom\u00e9 desiste de esperar Rosa e se apaixona por Tina, por\u00e9m acaba morrendo, v\u00edtima de um assassinato, e deixa Tina vi\u00fava e gr\u00e1vida dele.<\/p>\n","protected":false},"excerpt":{"rendered":"<p>Resumo da novela &#8220;Cabocla&#8221; em 03\/09: no cap\u00edtulo 008(*) da novela, Justino quer comprar o s\u00edtio de Fel\u00edcio. Emerenciana pede que Belinha lhe d\u00ea a carta. Justino d\u00e1 um prazo para Fel\u00edcio decidir que pre\u00e7o quer pelas terras. Belinha rasga a carta. Fel\u00edcio fica preocupado. Lu\u00eds se prepara para viajar. Boanerges decide levar sua fam\u00edlia [&hellip;]<\/p>\n","protected":false},"author":2,"featured_media":246755,"comment_status":"closed","ping_status":"closed","sticky":false,"template":"","format":"standard","meta":{"tdm_status":"","tdm_grid_status":"","footnotes":""},"categories":[2332,379,375,2025,343],"tags":[441],"class_list":{"0":"post-247086","1":"post","2":"type-post","3":"status-publish","4":"format-standard","5":"has-post-thumbnail","7":"category-cabocla","8":"category-novelas","9":"category-rede-globo","10":"category-resumo","11":"category-televisao","12":"tag-resumo-do-dia"},"_links":{"self":[{"href":"https:\/\/migracao.redenoticia.com.br\/noticia\/wp-json\/wp\/v2\/posts\/247086","targetHints":{"allow":["GET"]}}],"collection":[{"href":"https:\/\/migracao.redenoticia.com.br\/noticia\/wp-json\/wp\/v2\/posts"}],"about":[{"href":"https:\/\/migracao.redenoticia.com.br\/noticia\/wp-json\/wp\/v2\/types\/post"}],"author":[{"embeddable":true,"href":"https:\/\/migracao.redenoticia.com.br\/noticia\/wp-json\/wp\/v2\/users\/2"}],"replies":[{"embeddable":true,"href":"https:\/\/migracao.redenoticia.com.br\/noticia\/wp-json\/wp\/v2\/comments?post=247086"}],"version-history":[{"count":0,"href":"https:\/\/migracao.redenoticia.com.br\/noticia\/wp-json\/wp\/v2\/posts\/247086\/revisions"}],"wp:featuredmedia":[{"embeddable":true,"href":"https:\/\/migracao.redenoticia.com.br\/noticia\/wp-json\/wp\/v2\/media\/246755"}],"wp:attachment":[{"href":"https:\/\/migracao.redenoticia.com.br\/noticia\/wp-json\/wp\/v2\/media?parent=247086"}],"wp:term":[{"taxonomy":"category","embeddable":true,"href":"https:\/\/migracao.redenoticia.com.br\/noticia\/wp-json\/wp\/v2\/categories?post=247086"},{"taxonomy":"post_tag","embeddable":true,"href":"https:\/\/migracao.redenoticia.com.br\/noticia\/wp-json\/wp\/v2\/tags?post=247086"}],"curies":[{"name":"wp","href":"https:\/\/api.w.org\/{rel}","templated":true}]}}