{"id":247088,"date":"2024-09-02T17:07:05","date_gmt":"2024-09-02T20:07:05","guid":{"rendered":"https:\/\/www.redenoticia.com.br\/noticia\/?p=247088"},"modified":"2024-09-02T17:07:05","modified_gmt":"2024-09-02T20:07:05","slug":"resumo-alma-gemea-03-09-cristina-recebe-alta-e-volta-para-casa","status":"publish","type":"post","link":"https:\/\/migracao.redenoticia.com.br\/noticia\/2024\/resumo-alma-gemea-03-09-cristina-recebe-alta-e-volta-para-casa\/247088","title":{"rendered":"Resumo &#8220;Alma G\u00eamea&#8221; 03\/09: Cristina recebe alta e volta para casa"},"content":{"rendered":"<p> <img loading=\"lazy\" decoding=\"async\" src=\"https:\/\/migracao.redenoticia.com.br\/noticia\/imagens\/resumo-alma-gemea-logo-novela.jpg\" alt=\"\" width=\"1280\" height=\"720\" class=\"aligncenter size-full wp-image-244166\" srcset=\"https:\/\/migracao.redenoticia.com.br\/noticia\/imagens\/resumo-alma-gemea-logo-novela.jpg 1280w, https:\/\/migracao.redenoticia.com.br\/noticia\/imagens\/resumo-alma-gemea-logo-novela-250x140.jpg 250w, https:\/\/migracao.redenoticia.com.br\/noticia\/imagens\/resumo-alma-gemea-logo-novela-400x225.jpg 400w, https:\/\/migracao.redenoticia.com.br\/noticia\/imagens\/resumo-alma-gemea-logo-novela-768x432.jpg 768w, https:\/\/migracao.redenoticia.com.br\/noticia\/imagens\/resumo-alma-gemea-logo-novela-150x85.jpg 150w\" sizes=\"auto, (max-width: 1280px) 100vw, 1280px\" \/><\/p>\n<p><em><strong>Resumo da novela &#8220;Alma G\u00eamea&#8221;<\/strong><\/em> em 03\/09: no cap\u00edtulo 090(*) da novela, Guto morre. Eduardo acha que foi um ataque card\u00edaco, mas Rafael e H\u00e9lio acham estranho que Guto tenha falecido logo antes de dar seu depoimento. O delegado revela a Rafael que Guto comeu um lanche que recebeu de uma pessoa de fora. Ciro explica para Rafael que talvez seja imposs\u00edvel saber se Guto foi envenenado, pois existem po\u00e7\u00f5es que n\u00e3o deixam rastros. Serena pede a Rafael que d\u00ea um t\u00famulo a Guto, mas ele se recusa. Adelaide diz a Serena que pagar\u00e1 o enterro de Guto. Cristina afirma para Rafael que est\u00e1 arrasada por ele n\u00e3o ter podido descobrir mais sobre a morte de Luna. Ciro afirma para Agnes que \u00e9 preciso descobrir quais pessoas sabiam que Guto ia confessar, pois o suspeito estar\u00e1 entre elas. Eduardo decide descobrir o que aconteceu com o exame de Cristina antes de contar a Rafael que ela n\u00e3o estava gr\u00e1vida. Fil\u00f3 aconselha Mirna a exigir que Jorge lhe d\u00ea um anel de noivado. Raul manda Jorge descobrir quando vencem as d\u00edvidas de Ol\u00edvia. Crispim v\u00ea K\u00e1tia tomando banho e desmaia. Cristina recebe alta e volta para casa. Eduardo pede uma c\u00f3pia do exame de gravidez de Cristina para a cl\u00ednica. Ivan amea\u00e7a contar ao delegado que foi ele quem levou o lanche a Guto e exige uma recompensa de D\u00e9bora. Romeu comenta que conhece o delegado, deixando Dalila desconfiada. Ciro conta para Agnes que j\u00e1 conhecia Cristina. H\u00e9lio pede a Serena que descubra qual a liga\u00e7\u00e3o que eles tiveram em vidas passadas. <\/p>\n<p>H\u00e9lio explica para Serena que quer se livrar de seu amor por ela, pois sabe que ela jamais o corresponder\u00e1. Cristina conta para D\u00e9bora que tem a sensa\u00e7\u00e3o de que conhece Ciro de algum lugar e de que ele pode prejudic\u00e1-la. Ciro conta para Agnes que, quando Cristina estava estudando para ser professora, teve um caso com um professor j\u00e1 comprometido. Ciro revela tamb\u00e9m que este professor era seu irm\u00e3o e que, antes de falecer, deixou uma carta dizendo que Cristina havia destru\u00eddo sua vida. Agnes fica tocada com o relato de Ciro e o abra\u00e7a. Cristina fala para D\u00e9bora que as j\u00f3ias de Luna devem estar com Xavier e ela garante que ir\u00e1 recuper\u00e1-las. Xavier procura pelas j\u00f3ias. Rafael consola Cristina, que finge estar arrasada com a perda de seu filho. Agnes conta toda a hist\u00f3ria de Ciro a Adelaide e diz que suspeita que D\u00e9bora e Cristina sejam culpadas da morte de Guto. Adelaide pro\u00edbe Agnes de repetir esta acusa\u00e7\u00e3o enquanto n\u00e3o tiver provas. Agnes pede que Ciro n\u00e3o conte suas suspeitas a Rafael. Cristina agradece Ivan por tudo que ele fez e diz que ele ter\u00e1 sua recompensa. Ivan diz que fez tudo aquilo porque a ama. Cristina insinua para Ivan que eles podem ter algo no futuro e pede que ele ajude D\u00e9bora a se livrar de Xavier. K\u00e1tia pede que Elias lhe deixe voltar para casa e conta que est\u00e1 trabalhando duro no s\u00edtio de Crispim. Generosa afirma para Romeu que encontrou seu neto e garante que \u00e9 Alaor. Romeu fica decepcionado. Elias fala para Crispim que K\u00e1tia est\u00e1 aprendendo muito no s\u00edtio e vai continuar morando l\u00e1. Eduardo descobre que Cristina nunca foi pegar o resultado de gravidez. Alexandra ouve a voz de Guto gritando por socorro. Cristina confessa para D\u00e9bora que se sentiu lisonjeada pela paix\u00e3o de Ivan. Eduardo diz a Rafael que quer conversar sobre o exame de gravidez de Cristina.<\/p>\n<p>(*) edi\u00e7\u00e3o das novelas da Globo, &#8220;Alma G\u00eamea&#8221;, sujeito a altera\u00e7\u00e3o de data e conte\u00fado.<\/p>\n<p>Sinopse &#8220;Alma G\u00eamea&#8221;: Rafael e Luna casam-se e t\u00eam um filho, mas a felicidade \u00e9 invejada por Cristina. Em um passeio, Rafael reage a um assalto e um dos ladr\u00f5es, que \u00e9 conhecido de Cristina, atira. Luna morre. Enquanto Rafael se desespera com a perda de Luna, em um lugar bem distante dali, nasce a menina Serena, filha de uma \u00edndia com um garimpeiro. Ela cresce em uma aldeia ind\u00edgena e tem vis\u00f5es. <\/p>\n<p>Vinte anos se passam da morte de Luna. Serena consegue trabalho como empregada na mans\u00e3o de Rafael. Serena tem em seu corpo uma marca de nascen\u00e7a, no mesmo lugar em que Luna levou o tiro. A trama segue envolta em mist\u00e9rios e marcada por fatos inexplic\u00e1veis. Rafael passa a acreditar que Serena \u00e9 de fato a reencarna\u00e7\u00e3o de Luna, se apaixona por ela e a pede em casamento. Cristina e sua m\u00e3e D\u00e9bora percebem que Serena representa uma amea\u00e7a, e a novela segue com as duas tramando de tudo para separar os dois.<\/p>\n","protected":false},"excerpt":{"rendered":"<p>Resumo da novela &#8220;Alma G\u00eamea&#8221; em 03\/09: no cap\u00edtulo 090(*) da novela, Guto morre. Eduardo acha que foi um ataque card\u00edaco, mas Rafael e H\u00e9lio acham estranho que Guto tenha falecido logo antes de dar seu depoimento. O delegado revela a Rafael que Guto comeu um lanche que recebeu de uma pessoa de fora. Ciro [&hellip;]<\/p>\n","protected":false},"author":5,"featured_media":244165,"comment_status":"closed","ping_status":"closed","sticky":false,"template":"","format":"standard","meta":{"tdm_status":"","tdm_grid_status":"","footnotes":""},"categories":[2328,379,375,2025,343],"tags":[441],"class_list":{"0":"post-247088","1":"post","2":"type-post","3":"status-publish","4":"format-standard","5":"has-post-thumbnail","7":"category-alma-gemea","8":"category-novelas","9":"category-rede-globo","10":"category-resumo","11":"category-televisao","12":"tag-resumo-do-dia"},"_links":{"self":[{"href":"https:\/\/migracao.redenoticia.com.br\/noticia\/wp-json\/wp\/v2\/posts\/247088","targetHints":{"allow":["GET"]}}],"collection":[{"href":"https:\/\/migracao.redenoticia.com.br\/noticia\/wp-json\/wp\/v2\/posts"}],"about":[{"href":"https:\/\/migracao.redenoticia.com.br\/noticia\/wp-json\/wp\/v2\/types\/post"}],"author":[{"embeddable":true,"href":"https:\/\/migracao.redenoticia.com.br\/noticia\/wp-json\/wp\/v2\/users\/5"}],"replies":[{"embeddable":true,"href":"https:\/\/migracao.redenoticia.com.br\/noticia\/wp-json\/wp\/v2\/comments?post=247088"}],"version-history":[{"count":0,"href":"https:\/\/migracao.redenoticia.com.br\/noticia\/wp-json\/wp\/v2\/posts\/247088\/revisions"}],"wp:featuredmedia":[{"embeddable":true,"href":"https:\/\/migracao.redenoticia.com.br\/noticia\/wp-json\/wp\/v2\/media\/244165"}],"wp:attachment":[{"href":"https:\/\/migracao.redenoticia.com.br\/noticia\/wp-json\/wp\/v2\/media?parent=247088"}],"wp:term":[{"taxonomy":"category","embeddable":true,"href":"https:\/\/migracao.redenoticia.com.br\/noticia\/wp-json\/wp\/v2\/categories?post=247088"},{"taxonomy":"post_tag","embeddable":true,"href":"https:\/\/migracao.redenoticia.com.br\/noticia\/wp-json\/wp\/v2\/tags?post=247088"}],"curies":[{"name":"wp","href":"https:\/\/api.w.org\/{rel}","templated":true}]}}