{"id":247111,"date":"2024-09-03T15:34:53","date_gmt":"2024-09-03T18:34:53","guid":{"rendered":"https:\/\/www.redenoticia.com.br\/noticia\/?p=247111"},"modified":"2024-09-03T15:34:53","modified_gmt":"2024-09-03T18:34:53","slug":"resumo-cabocla-04-09-justino-afirma-que-vai-tomar-as-terras-de-felicio","status":"publish","type":"post","link":"https:\/\/migracao.redenoticia.com.br\/noticia\/2024\/resumo-cabocla-04-09-justino-afirma-que-vai-tomar-as-terras-de-felicio\/247111","title":{"rendered":"Resumo &#8220;Cabocla&#8221; 04\/09: Justino afirma que vai tomar as terras de Fel\u00edcio"},"content":{"rendered":"<p> <img loading=\"lazy\" decoding=\"async\" src=\"https:\/\/migracao.redenoticia.com.br\/noticia\/imagens\/cabocla-resumo-novela.jpg\" alt=\"\" width=\"1280\" height=\"720\" class=\"aligncenter size-full wp-image-246754\" srcset=\"https:\/\/migracao.redenoticia.com.br\/noticia\/imagens\/cabocla-resumo-novela.jpg 1280w, https:\/\/migracao.redenoticia.com.br\/noticia\/imagens\/cabocla-resumo-novela-250x140.jpg 250w, https:\/\/migracao.redenoticia.com.br\/noticia\/imagens\/cabocla-resumo-novela-400x225.jpg 400w, https:\/\/migracao.redenoticia.com.br\/noticia\/imagens\/cabocla-resumo-novela-768x432.jpg 768w, https:\/\/migracao.redenoticia.com.br\/noticia\/imagens\/cabocla-resumo-novela-150x85.jpg 150w\" sizes=\"auto, (max-width: 1280px) 100vw, 1280px\" \/>  <\/p>\n<p><em><strong>Resumo da novela &#8220;Cabocla&#8221;<\/strong><\/em> em 04\/09: no cap\u00edtulo 009(*) da novela, Zuca fica envergonhada na presen\u00e7a de Lu\u00eds. Tobias garante a Fel\u00edcio que Justino n\u00e3o vai incomod\u00e1-lo mais. Lu\u00eds explica a Z\u00e9 que n\u00e3o est\u00e1 com tuberculose, apenas com uma les\u00e3o no pulm\u00e3o. Bina garante a Z\u00e9 que as meninas da cidade v\u00e3o ficar atr\u00e1s de Lu\u00eds, pois ele \u00e9 rico e bonito. <\/p>\n<p>Justino afirma que vai tomar as terras de Fel\u00edcio se ele n\u00e3o quiser vend\u00ea-las, deixando Neco e Mariquinha preocupados. Emerenciana manda Belinha tomar cuidado com Lu\u00eds. Edmundo aconselha Joaquim a sair e se divertir. Lu\u00eds fica encantado com o tratamento que recebe de Bina e Z\u00e9. Tobias sonha com as melhorias que vai fazer em seu s\u00edtio. Tom\u00e9 avisa a Tobias que Justino n\u00e3o vai desistir t\u00e3o f\u00e1cil. Lu\u00eds e Zuca conversam. Boanerges vai buscar Lu\u00eds no hotel de Z\u00e9 da Esta\u00e7\u00e3o. Zuca d\u00e1 adeus para Lu\u00eds de longe.<\/p>\n<p>(*) edi\u00e7\u00e3o das novelas da Globo, &#8220;Cabocla&#8221;, sujeito a altera\u00e7\u00e3o de data e conte\u00fado.<\/p>\n<p>Sinopse \u201cCabocla\u201d: Lu\u00eds Jer\u00f4nimo \u00e9 um jovem mulherengo, descobre que est\u00e1 com uma les\u00e3o no pulm\u00e3o e decide passar uma temporada na fazenda de um primo em Vila da Mata, o coronel Boanerges. Ele logo se encanta por Zuca. Eles enfrentar\u00e3o muita resist\u00eancia por conta de Zuca ser noiva do teimoso e encrenqueiro pe\u00e3o Tobias. Pepa, apaixonada por Lu\u00eds, se estabelece na fazenda vizinha, de propriedade do coronel vi\u00favo Justino, inimigo pol\u00edtico do coronel Boanerges.<\/p>\n<p>Paralelamente a esse embate, acontece o amor entre Belinha e Neco. Ela \u00e9 filha de Boanerges e Emerenciana; ele, de Justino. Em meio a tudo isso, eis que os sentimentos de Mariquinha, filha do coronel Justino e irm\u00e3 de Neco, por Tobias afloraram, fazendo-os viverem um quarteto amoroso ao lado de Zuca e Lu\u00eds Jer\u00f4nimo. No decorrer da trama, Tom\u00e9 desiste de esperar Rosa e se apaixona por Tina, por\u00e9m acaba morrendo, v\u00edtima de um assassinato, e deixa Tina vi\u00fava e gr\u00e1vida dele.<\/p>\n","protected":false},"excerpt":{"rendered":"<p>Resumo da novela &#8220;Cabocla&#8221; em 04\/09: no cap\u00edtulo 009(*) da novela, Zuca fica envergonhada na presen\u00e7a de Lu\u00eds. Tobias garante a Fel\u00edcio que Justino n\u00e3o vai incomod\u00e1-lo mais. Lu\u00eds explica a Z\u00e9 que n\u00e3o est\u00e1 com tuberculose, apenas com uma les\u00e3o no pulm\u00e3o. Bina garante a Z\u00e9 que as meninas da cidade v\u00e3o ficar atr\u00e1s [&hellip;]<\/p>\n","protected":false},"author":2,"featured_media":246755,"comment_status":"closed","ping_status":"closed","sticky":false,"template":"","format":"standard","meta":{"tdm_status":"","tdm_grid_status":"","footnotes":""},"categories":[2332,379,375,2025,343],"tags":[441],"class_list":{"0":"post-247111","1":"post","2":"type-post","3":"status-publish","4":"format-standard","5":"has-post-thumbnail","7":"category-cabocla","8":"category-novelas","9":"category-rede-globo","10":"category-resumo","11":"category-televisao","12":"tag-resumo-do-dia"},"_links":{"self":[{"href":"https:\/\/migracao.redenoticia.com.br\/noticia\/wp-json\/wp\/v2\/posts\/247111","targetHints":{"allow":["GET"]}}],"collection":[{"href":"https:\/\/migracao.redenoticia.com.br\/noticia\/wp-json\/wp\/v2\/posts"}],"about":[{"href":"https:\/\/migracao.redenoticia.com.br\/noticia\/wp-json\/wp\/v2\/types\/post"}],"author":[{"embeddable":true,"href":"https:\/\/migracao.redenoticia.com.br\/noticia\/wp-json\/wp\/v2\/users\/2"}],"replies":[{"embeddable":true,"href":"https:\/\/migracao.redenoticia.com.br\/noticia\/wp-json\/wp\/v2\/comments?post=247111"}],"version-history":[{"count":0,"href":"https:\/\/migracao.redenoticia.com.br\/noticia\/wp-json\/wp\/v2\/posts\/247111\/revisions"}],"wp:featuredmedia":[{"embeddable":true,"href":"https:\/\/migracao.redenoticia.com.br\/noticia\/wp-json\/wp\/v2\/media\/246755"}],"wp:attachment":[{"href":"https:\/\/migracao.redenoticia.com.br\/noticia\/wp-json\/wp\/v2\/media?parent=247111"}],"wp:term":[{"taxonomy":"category","embeddable":true,"href":"https:\/\/migracao.redenoticia.com.br\/noticia\/wp-json\/wp\/v2\/categories?post=247111"},{"taxonomy":"post_tag","embeddable":true,"href":"https:\/\/migracao.redenoticia.com.br\/noticia\/wp-json\/wp\/v2\/tags?post=247111"}],"curies":[{"name":"wp","href":"https:\/\/api.w.org\/{rel}","templated":true}]}}