{"id":247113,"date":"2024-09-03T15:36:17","date_gmt":"2024-09-03T18:36:17","guid":{"rendered":"https:\/\/www.redenoticia.com.br\/noticia\/?p=247113"},"modified":"2024-09-03T15:36:17","modified_gmt":"2024-09-03T18:36:17","slug":"resumo-alma-gemea-04-09-cristina-ve-o-fantasma-de-guto","status":"publish","type":"post","link":"https:\/\/migracao.redenoticia.com.br\/noticia\/2024\/resumo-alma-gemea-04-09-cristina-ve-o-fantasma-de-guto\/247113","title":{"rendered":"Resumo &#8220;Alma G\u00eamea&#8221; 04\/09: Cristina v\u00ea o fantasma de Guto"},"content":{"rendered":"<p> <img loading=\"lazy\" decoding=\"async\" src=\"https:\/\/migracao.redenoticia.com.br\/noticia\/imagens\/resumo-alma-gemea-logo-novela.jpg\" alt=\"\" width=\"1280\" height=\"720\" class=\"aligncenter size-full wp-image-244166\" srcset=\"https:\/\/migracao.redenoticia.com.br\/noticia\/imagens\/resumo-alma-gemea-logo-novela.jpg 1280w, https:\/\/migracao.redenoticia.com.br\/noticia\/imagens\/resumo-alma-gemea-logo-novela-250x140.jpg 250w, https:\/\/migracao.redenoticia.com.br\/noticia\/imagens\/resumo-alma-gemea-logo-novela-400x225.jpg 400w, https:\/\/migracao.redenoticia.com.br\/noticia\/imagens\/resumo-alma-gemea-logo-novela-768x432.jpg 768w, https:\/\/migracao.redenoticia.com.br\/noticia\/imagens\/resumo-alma-gemea-logo-novela-150x85.jpg 150w\" sizes=\"auto, (max-width: 1280px) 100vw, 1280px\" \/><\/p>\n<p><em><strong>Resumo da novela &#8220;Alma G\u00eamea&#8221;<\/strong><\/em> em 04\/09: no cap\u00edtulo 091(*) da novela,<br \/>\n Xavier procura pelas j\u00f3ias. Rafael consola Cristina, que finge estar arrasada com a perda de seu filho. Agnes conta toda a hist\u00f3ria de Ciro a Adelaide e diz que suspeita que D\u00e9bora e Cristina sejam culpadas da morte de Guto. Adelaide pro\u00edbe Agnes de repetir esta acusa\u00e7\u00e3o enquanto n\u00e3o tiver provas. Agnes pede que Ciro n\u00e3o conte suas suspeitas a Rafael. Cristina agradece Ivan por tudo que ele fez e diz que ele ter\u00e1 sua recompensa. Ivan diz que fez tudo aquilo porque a ama. Cristina insinua para Ivan que eles podem ter algo no futuro e pede que ele ajude D\u00e9bora a se livrar de Xavier. K\u00e1tia pede que Elias lhe deixe voltar para casa e conta que est\u00e1 trabalhando duro no s\u00edtio de Crispim. Generosa afirma para Romeu que encontrou seu neto e garante que \u00e9 Alaor. Romeu fica decepcionado. Elias fala para Crispim que K\u00e1tia est\u00e1 aprendendo muito no s\u00edtio e vai continuar morando l\u00e1. Eduardo descobre que Cristina nunca foi pegar o resultado de gravidez. Alexandra ouve a voz de Guto gritando por socorro. Cristina confessa para D\u00e9bora que se sentiu lisonjeada pela paix\u00e3o de Ivan. Eduardo diz a Rafael que quer conversar sobre o exame de gravidez de Cristina.<\/p>\n<p>Eduardo pede para ver o exame de gravidez de Cristina. Mirna diz a Jorge que quer casar logo. Jorge fica nervoso e enrola Mirna, dizendo que precisam fazer uma festa de noivado primeiro. Mirna gosta da id\u00e9ia. Terezinha descobre que Roberval tem uma correntinha como a que Romeu est\u00e1 procurando e a pega escondido. Julian explica a Serena que ela ter\u00e1 que fazer uma regress\u00e3o mais dif\u00edcil para lembrar da liga\u00e7\u00e3o que tem com H\u00e9lio, mas ela decide tentar assim mesmo. Eduardo v\u00ea que o exame de Cristina deu positivo, mas n\u00e3o \u00e9 da cl\u00ednica que ele indicou. Felipe aconselha Rafael a deixar Cristina agora que ela n\u00e3o est\u00e1 mais gr\u00e1vida. Rafael explica que se sente culpado por Cristina ter perdido o beb\u00ea e que deseja tentar ser um marido melhor para ela. Ivan garante a Xavier que vai encontrar as j\u00f3ias. K\u00e1tia manda Crispim n\u00e3o lhe faltar mais com o respeito. Romeu vai ao restaurante de Ol\u00edvia com Alaor e exige que ele seja tratado como um pr\u00edncipe. Alaor manda Ol\u00edvia se vestir de gar\u00e7onete para lhe servir. Serena v\u00ea o irm\u00e3o de Luna em sua regress\u00e3o. Alexandra afirma para Eduardo que ouve a voz de Guto e que ele est\u00e1 inconformado. Cristina v\u00ea o fantasma de Guto.<\/p>\n<p>(*) edi\u00e7\u00e3o das novelas da Globo, &#8220;Alma G\u00eamea&#8221;, sujeito a altera\u00e7\u00e3o de data e conte\u00fado.<\/p>\n<p>Sinopse &#8220;Alma G\u00eamea&#8221;: Rafael e Luna casam-se e t\u00eam um filho, mas a felicidade \u00e9 invejada por Cristina. Em um passeio, Rafael reage a um assalto e um dos ladr\u00f5es, que \u00e9 conhecido de Cristina, atira. Luna morre. Enquanto Rafael se desespera com a perda de Luna, em um lugar bem distante dali, nasce a menina Serena, filha de uma \u00edndia com um garimpeiro. Ela cresce em uma aldeia ind\u00edgena e tem vis\u00f5es. <\/p>\n<p>Vinte anos se passam da morte de Luna. Serena consegue trabalho como empregada na mans\u00e3o de Rafael. Serena tem em seu corpo uma marca de nascen\u00e7a, no mesmo lugar em que Luna levou o tiro. A trama segue envolta em mist\u00e9rios e marcada por fatos inexplic\u00e1veis. Rafael passa a acreditar que Serena \u00e9 de fato a reencarna\u00e7\u00e3o de Luna, se apaixona por ela e a pede em casamento. Cristina e sua m\u00e3e D\u00e9bora percebem que Serena representa uma amea\u00e7a, e a novela segue com as duas tramando de tudo para separar os dois.<\/p>\n","protected":false},"excerpt":{"rendered":"<p>Resumo da novela &#8220;Alma G\u00eamea&#8221; em 04\/09: no cap\u00edtulo 091(*) da novela, Xavier procura pelas j\u00f3ias. Rafael consola Cristina, que finge estar arrasada com a perda de seu filho. Agnes conta toda a hist\u00f3ria de Ciro a Adelaide e diz que suspeita que D\u00e9bora e Cristina sejam culpadas da morte de Guto. Adelaide pro\u00edbe Agnes [&hellip;]<\/p>\n","protected":false},"author":5,"featured_media":244165,"comment_status":"closed","ping_status":"closed","sticky":false,"template":"","format":"standard","meta":{"tdm_status":"","tdm_grid_status":"","footnotes":""},"categories":[2328,379,375,2025,343],"tags":[441],"class_list":{"0":"post-247113","1":"post","2":"type-post","3":"status-publish","4":"format-standard","5":"has-post-thumbnail","7":"category-alma-gemea","8":"category-novelas","9":"category-rede-globo","10":"category-resumo","11":"category-televisao","12":"tag-resumo-do-dia"},"_links":{"self":[{"href":"https:\/\/migracao.redenoticia.com.br\/noticia\/wp-json\/wp\/v2\/posts\/247113","targetHints":{"allow":["GET"]}}],"collection":[{"href":"https:\/\/migracao.redenoticia.com.br\/noticia\/wp-json\/wp\/v2\/posts"}],"about":[{"href":"https:\/\/migracao.redenoticia.com.br\/noticia\/wp-json\/wp\/v2\/types\/post"}],"author":[{"embeddable":true,"href":"https:\/\/migracao.redenoticia.com.br\/noticia\/wp-json\/wp\/v2\/users\/5"}],"replies":[{"embeddable":true,"href":"https:\/\/migracao.redenoticia.com.br\/noticia\/wp-json\/wp\/v2\/comments?post=247113"}],"version-history":[{"count":0,"href":"https:\/\/migracao.redenoticia.com.br\/noticia\/wp-json\/wp\/v2\/posts\/247113\/revisions"}],"wp:featuredmedia":[{"embeddable":true,"href":"https:\/\/migracao.redenoticia.com.br\/noticia\/wp-json\/wp\/v2\/media\/244165"}],"wp:attachment":[{"href":"https:\/\/migracao.redenoticia.com.br\/noticia\/wp-json\/wp\/v2\/media?parent=247113"}],"wp:term":[{"taxonomy":"category","embeddable":true,"href":"https:\/\/migracao.redenoticia.com.br\/noticia\/wp-json\/wp\/v2\/categories?post=247113"},{"taxonomy":"post_tag","embeddable":true,"href":"https:\/\/migracao.redenoticia.com.br\/noticia\/wp-json\/wp\/v2\/tags?post=247113"}],"curies":[{"name":"wp","href":"https:\/\/api.w.org\/{rel}","templated":true}]}}