{"id":247135,"date":"2024-09-04T15:53:11","date_gmt":"2024-09-04T18:53:11","guid":{"rendered":"https:\/\/www.redenoticia.com.br\/noticia\/?p=247135"},"modified":"2024-09-04T15:53:11","modified_gmt":"2024-09-04T18:53:11","slug":"resumo-alma-gemea-05-09-alexandra-percebe-que-eduardo-ainda-ama-vera","status":"publish","type":"post","link":"https:\/\/migracao.redenoticia.com.br\/noticia\/2024\/resumo-alma-gemea-05-09-alexandra-percebe-que-eduardo-ainda-ama-vera\/247135","title":{"rendered":"Resumo &#8220;Alma G\u00eamea&#8221; 05\/09: Alexandra percebe que Eduardo ainda ama Vera"},"content":{"rendered":"<p> <img loading=\"lazy\" decoding=\"async\" src=\"https:\/\/migracao.redenoticia.com.br\/noticia\/imagens\/resumo-alma-gemea-logo-novela.jpg\" alt=\"\" width=\"1280\" height=\"720\" class=\"aligncenter size-full wp-image-244166\" srcset=\"https:\/\/migracao.redenoticia.com.br\/noticia\/imagens\/resumo-alma-gemea-logo-novela.jpg 1280w, https:\/\/migracao.redenoticia.com.br\/noticia\/imagens\/resumo-alma-gemea-logo-novela-250x140.jpg 250w, https:\/\/migracao.redenoticia.com.br\/noticia\/imagens\/resumo-alma-gemea-logo-novela-400x225.jpg 400w, https:\/\/migracao.redenoticia.com.br\/noticia\/imagens\/resumo-alma-gemea-logo-novela-768x432.jpg 768w, https:\/\/migracao.redenoticia.com.br\/noticia\/imagens\/resumo-alma-gemea-logo-novela-150x85.jpg 150w\" sizes=\"auto, (max-width: 1280px) 100vw, 1280px\" \/><\/p>\n<p><em><strong>Resumo da novela &#8220;Alma G\u00eamea&#8221;<\/strong><\/em> em 05\/09: no cap\u00edtulo 092(*) da novela, Cristina solta um grito e Guto desaparece. D\u00e9bora afirma para Cristina que ela estava vendo coisas. Cristina fica apavorada e pede a Rafael para ficar ao seu lado, mas ele a trata com frieza. Serena n\u00e3o entende por que viu o irm\u00e3o de Luna. H\u00e9lio fala para Sabina que quer entender o amor que sente por Serena para poder se abrir para novos amores. Sabina gosta. Of\u00e9lia fica irritada ao ver H\u00e9lio conversando com Sabina. Ab\u00edlio acusa Of\u00e9lia de ser preconceituosa. D\u00e9bora afirma para Rafael que ele \u00e9 o maior culpado por Cristina ter perdido o filho e diz que \u00e9 sua obriga\u00e7\u00e3o cuidar dela. Raul v\u00ea Ol\u00edvia vestida de gar\u00e7onete e ca\u00e7oa dela. Ol\u00edvia fica furiosa e expulsa Alaor e Romeu do restaurante. Eduardo consola Alexandra, que fica feliz com a aten\u00e7\u00e3o dele. Crispim pergunta a K\u00e1tia se ela quer ficar noiva como Mirna. K\u00e1tia foge do assunto e Crispim acha que ela est\u00e1 envergonhada. Romeu conta para Roberval que estava procurando o neto que n\u00e3o conheceu, mas que s\u00f3 poderia identific\u00e1-lo atrav\u00e9s de uma medalhinha de Santa Clara. Terezinha, assim como Alaor, tenta se passar por neta de Romeu e lhe mostra a medalhinha de Roberval como sendo sua. H\u00e9lio a desmente e Romeu descobre que seu neto \u00e9, na verdade, Roberval. Rafael decide dormir ao lado de Cristina. Cristina pede um beijo a Rafael, que se recusa, deixando-a furiosa.<\/p>\n<p>Cristina exige que Rafael cumpra a promessa de lhe dar outro filho. Alexandra pede para Eduardo passar a noite com ela. Eduardo explica para Alexandra que eles n\u00e3o podem viver como marido e mulher, pois ela \u00e9 doente. Alexandra percebe que Eduardo ainda ama Vera e fica arrasada. Ciro descobre que Xavier fugiu da cidade. Romeu mostra a Roberval uma foto de sua m\u00e3e, deixando-o emocionado. Rafael abra\u00e7a Cristina, mas explica que n\u00e3o sente amor por ela. Terezinha conta para Romeu que o filho que Dalila est\u00e1 esperando n\u00e3o \u00e9 de Roberval. Romeu fica feliz ao saber que Roberval vai dar um nome para o filho de Dalila. Julian fala para Agnes que talvez H\u00e9lio seja a reencarna\u00e7\u00e3o de seu filho, deixando-a perturbada. <\/p>\n<p>(*) edi\u00e7\u00e3o das novelas da Globo, &#8220;Alma G\u00eamea&#8221;, sujeito a altera\u00e7\u00e3o de data e conte\u00fado.<\/p>\n<p>Sinopse &#8220;Alma G\u00eamea&#8221;: Rafael e Luna casam-se e t\u00eam um filho, mas a felicidade \u00e9 invejada por Cristina. Em um passeio, Rafael reage a um assalto e um dos ladr\u00f5es, que \u00e9 conhecido de Cristina, atira. Luna morre. Enquanto Rafael se desespera com a perda de Luna, em um lugar bem distante dali, nasce a menina Serena, filha de uma \u00edndia com um garimpeiro. Ela cresce em uma aldeia ind\u00edgena e tem vis\u00f5es. <\/p>\n<p>Vinte anos se passam da morte de Luna. Serena consegue trabalho como empregada na mans\u00e3o de Rafael. Serena tem em seu corpo uma marca de nascen\u00e7a, no mesmo lugar em que Luna levou o tiro. A trama segue envolta em mist\u00e9rios e marcada por fatos inexplic\u00e1veis. Rafael passa a acreditar que Serena \u00e9 de fato a reencarna\u00e7\u00e3o de Luna, se apaixona por ela e a pede em casamento. Cristina e sua m\u00e3e D\u00e9bora percebem que Serena representa uma amea\u00e7a, e a novela segue com as duas tramando de tudo para separar os dois.<\/p>\n","protected":false},"excerpt":{"rendered":"<p>Resumo da novela &#8220;Alma G\u00eamea&#8221; em 05\/09: no cap\u00edtulo 092(*) da novela, Cristina solta um grito e Guto desaparece. D\u00e9bora afirma para Cristina que ela estava vendo coisas. Cristina fica apavorada e pede a Rafael para ficar ao seu lado, mas ele a trata com frieza. Serena n\u00e3o entende por que viu o irm\u00e3o de [&hellip;]<\/p>\n","protected":false},"author":5,"featured_media":244165,"comment_status":"closed","ping_status":"closed","sticky":false,"template":"","format":"standard","meta":{"tdm_status":"","tdm_grid_status":"","footnotes":""},"categories":[2328,379,375,2025,343],"tags":[441],"class_list":{"0":"post-247135","1":"post","2":"type-post","3":"status-publish","4":"format-standard","5":"has-post-thumbnail","7":"category-alma-gemea","8":"category-novelas","9":"category-rede-globo","10":"category-resumo","11":"category-televisao","12":"tag-resumo-do-dia"},"_links":{"self":[{"href":"https:\/\/migracao.redenoticia.com.br\/noticia\/wp-json\/wp\/v2\/posts\/247135","targetHints":{"allow":["GET"]}}],"collection":[{"href":"https:\/\/migracao.redenoticia.com.br\/noticia\/wp-json\/wp\/v2\/posts"}],"about":[{"href":"https:\/\/migracao.redenoticia.com.br\/noticia\/wp-json\/wp\/v2\/types\/post"}],"author":[{"embeddable":true,"href":"https:\/\/migracao.redenoticia.com.br\/noticia\/wp-json\/wp\/v2\/users\/5"}],"replies":[{"embeddable":true,"href":"https:\/\/migracao.redenoticia.com.br\/noticia\/wp-json\/wp\/v2\/comments?post=247135"}],"version-history":[{"count":0,"href":"https:\/\/migracao.redenoticia.com.br\/noticia\/wp-json\/wp\/v2\/posts\/247135\/revisions"}],"wp:featuredmedia":[{"embeddable":true,"href":"https:\/\/migracao.redenoticia.com.br\/noticia\/wp-json\/wp\/v2\/media\/244165"}],"wp:attachment":[{"href":"https:\/\/migracao.redenoticia.com.br\/noticia\/wp-json\/wp\/v2\/media?parent=247135"}],"wp:term":[{"taxonomy":"category","embeddable":true,"href":"https:\/\/migracao.redenoticia.com.br\/noticia\/wp-json\/wp\/v2\/categories?post=247135"},{"taxonomy":"post_tag","embeddable":true,"href":"https:\/\/migracao.redenoticia.com.br\/noticia\/wp-json\/wp\/v2\/tags?post=247135"}],"curies":[{"name":"wp","href":"https:\/\/api.w.org\/{rel}","templated":true}]}}