{"id":247157,"date":"2024-09-06T17:41:53","date_gmt":"2024-09-06T20:41:53","guid":{"rendered":"https:\/\/www.redenoticia.com.br\/noticia\/?p=247157"},"modified":"2024-09-06T17:41:42","modified_gmt":"2024-09-06T20:41:42","slug":"resumo-renascer-06-09-joao-toma-uma-atitude-drastica","status":"publish","type":"post","link":"https:\/\/migracao.redenoticia.com.br\/noticia\/2024\/resumo-renascer-06-09-joao-toma-uma-atitude-drastica\/247157","title":{"rendered":"Resumo &#8220;Renascer&#8221; 06 e 07\/09: Jo\u00e3o toma uma atitude dr\u00e1stica"},"content":{"rendered":"<p> <img loading=\"lazy\" decoding=\"async\" src=\"https:\/\/migracao.redenoticia.com.br\/noticia\/imagens\/renascer-resumo-capitulos-hoje.jpg\" alt=\"\" width=\"1280\" height=\"720\" class=\"aligncenter size-full wp-image-241929\" srcset=\"https:\/\/migracao.redenoticia.com.br\/noticia\/imagens\/renascer-resumo-capitulos-hoje.jpg 1280w, https:\/\/migracao.redenoticia.com.br\/noticia\/imagens\/renascer-resumo-capitulos-hoje-250x140.jpg 250w, https:\/\/migracao.redenoticia.com.br\/noticia\/imagens\/renascer-resumo-capitulos-hoje-400x225.jpg 400w, https:\/\/migracao.redenoticia.com.br\/noticia\/imagens\/renascer-resumo-capitulos-hoje-768x432.jpg 768w, https:\/\/migracao.redenoticia.com.br\/noticia\/imagens\/renascer-resumo-capitulos-hoje-150x85.jpg 150w\" sizes=\"auto, (max-width: 1280px) 100vw, 1280px\" \/><\/p>\n<p><strong><em>Resumo da novela &#8220;Renascer&#8221;<\/em><\/strong> em 06\/09: no cap\u00edtulo 197(*) da novela, Jo\u00e3o Pedro (Juan Paiva) arranca o fac\u00e3o do Jequitib\u00e1-Rei para encerrar o sofrimento do pai. Jos\u00e9 Inoc\u00eancio pede desculpas ao filho antes de morrer nos bra\u00e7os dele. Maria Santa (Duda Santos) volta para buscar seu marido. Com a morte de Jos\u00e9 Inoc\u00eancio, chega a hora da fam\u00edlia repartir a heran\u00e7a. In\u00e1cia (Edvana Carvalho) herda as terras de Jos\u00e9 Ven\u00e2ncio (Rodrigo Simas). Jo\u00e3o Pedro fica com a casa de Jos\u00e9 Inoc\u00eancio. Al\u00e9m disso, os tr\u00eas irm\u00e3os ser\u00e3o s\u00f3cios na empresa da fam\u00edlia. Jo\u00e3o Pedro passa para Mariana (Theresa Fonseca) a casa de Belarmino (Antonio Calloni).<\/p>\n<p>A carta que Marianinha deixou para Maria Santa tem seu conte\u00fado revelado. Teca (L\u00edvia Silva) fica com a carta, j\u00e1 que \u00e9 neta de Marianinha. Ao ler tudo, resolve confidenciar a Mariana um dos principais mist\u00e9rios da trama: quem matou Belarmino. Elas descobrem que s\u00e3o primas! Ritinha (Mell Muzzillo) termina com Eriberto (Pedro Neschling) em S\u00e3o Paulo, enquanto Jos\u00e9 Bento (Marcello Melo Jr) se acerta de vez com Kika (Juliane Ara\u00fajo).<\/p>\n<p>(*) edi\u00e7\u00e3o das novelas da Globo, &#8220;Renascer&#8221;, sujeito a altera\u00e7\u00e3o de data e conte\u00fado.<\/p>\n<p>Sinopse &#8220;Renascer&#8221;: Jos\u00e9 Inoc\u00eancio chegou na zona cacaueira de Ilh\u00e9us, na Bahia, e fincou um fac\u00e3o aos p\u00e9s de um frondoso jequitib\u00e1. Este gesto passa a ser o s\u00edmbolo de sua coragem e do sonho de se tornar eterno. Apaixona-se ap\u00f3s o boi-bumb\u00e1 passar por sua fazenda, casa-se com Maria Santa e torna-se pai de quatro filhos: Jos\u00e9 Augusto, Jos\u00e9 Bento, Jos\u00e9 Ven\u00e2ncio e Jo\u00e3o Pedro, o ca\u00e7ula, cujo nascimento \u00e9 acompanhado da morte da m\u00e3e, por complica\u00e7\u00f5es durante o parto.<\/p>\n<p>O fato faz com que Z\u00e9 Inoc\u00eancio desenvolva um relacionamento de \u00f3dio com o filho. Essa desaven\u00e7a \u00e9 que conduz todas as tramas da hist\u00f3ria. Elas se aceleram quando Inoc\u00eancio, j\u00e1 cinquent\u00e3o, conquista e casa-se com a namorada de Jo\u00e3o Pedro, a jovem Mariana. Esta \u00e9 neta do seu maior desafeto no passado, Belarmino, assassinado de forma misteriosa, com as suspeitas recaindo sobre o pr\u00f3prio Inoc\u00eancio. <\/p>\n","protected":false},"excerpt":{"rendered":"<p>Resumo da novela &#8220;Renascer&#8221; em 06\/09: no cap\u00edtulo 197(*) da novela, Jo\u00e3o Pedro (Juan Paiva) arranca o fac\u00e3o do Jequitib\u00e1-Rei para encerrar o sofrimento do pai. Jos\u00e9 Inoc\u00eancio pede desculpas ao filho antes de morrer nos bra\u00e7os dele. Maria Santa (Duda Santos) volta para buscar seu marido. Com a morte de Jos\u00e9 Inoc\u00eancio, chega a [&hellip;]<\/p>\n","protected":false},"author":2,"featured_media":241527,"comment_status":"closed","ping_status":"closed","sticky":false,"template":"","format":"standard","meta":{"tdm_status":"","tdm_grid_status":"","footnotes":""},"categories":[379,375,2323,2025,343],"tags":[441],"class_list":{"0":"post-247157","1":"post","2":"type-post","3":"status-publish","4":"format-standard","5":"has-post-thumbnail","7":"category-novelas","8":"category-rede-globo","9":"category-renascer","10":"category-resumo","11":"category-televisao","12":"tag-resumo-do-dia"},"_links":{"self":[{"href":"https:\/\/migracao.redenoticia.com.br\/noticia\/wp-json\/wp\/v2\/posts\/247157","targetHints":{"allow":["GET"]}}],"collection":[{"href":"https:\/\/migracao.redenoticia.com.br\/noticia\/wp-json\/wp\/v2\/posts"}],"about":[{"href":"https:\/\/migracao.redenoticia.com.br\/noticia\/wp-json\/wp\/v2\/types\/post"}],"author":[{"embeddable":true,"href":"https:\/\/migracao.redenoticia.com.br\/noticia\/wp-json\/wp\/v2\/users\/2"}],"replies":[{"embeddable":true,"href":"https:\/\/migracao.redenoticia.com.br\/noticia\/wp-json\/wp\/v2\/comments?post=247157"}],"version-history":[{"count":0,"href":"https:\/\/migracao.redenoticia.com.br\/noticia\/wp-json\/wp\/v2\/posts\/247157\/revisions"}],"wp:featuredmedia":[{"embeddable":true,"href":"https:\/\/migracao.redenoticia.com.br\/noticia\/wp-json\/wp\/v2\/media\/241527"}],"wp:attachment":[{"href":"https:\/\/migracao.redenoticia.com.br\/noticia\/wp-json\/wp\/v2\/media?parent=247157"}],"wp:term":[{"taxonomy":"category","embeddable":true,"href":"https:\/\/migracao.redenoticia.com.br\/noticia\/wp-json\/wp\/v2\/categories?post=247157"},{"taxonomy":"post_tag","embeddable":true,"href":"https:\/\/migracao.redenoticia.com.br\/noticia\/wp-json\/wp\/v2\/tags?post=247157"}],"curies":[{"name":"wp","href":"https:\/\/api.w.org\/{rel}","templated":true}]}}