{"id":247165,"date":"2024-09-05T18:17:28","date_gmt":"2024-09-05T21:17:28","guid":{"rendered":"https:\/\/www.redenoticia.com.br\/noticia\/?p=247165"},"modified":"2024-09-05T18:17:28","modified_gmt":"2024-09-05T21:17:28","slug":"resumo-alma-gemea-06-09-debora-manda-cristina-se-controlar","status":"publish","type":"post","link":"https:\/\/migracao.redenoticia.com.br\/noticia\/2024\/resumo-alma-gemea-06-09-debora-manda-cristina-se-controlar\/247165","title":{"rendered":"Resumo &#8220;Alma G\u00eamea&#8221; 06\/09: D\u00e9bora manda Cristina se controlar"},"content":{"rendered":"<p> <img loading=\"lazy\" decoding=\"async\" src=\"https:\/\/migracao.redenoticia.com.br\/noticia\/imagens\/resumo-alma-gemea-logo-novela.jpg\" alt=\"\" width=\"1280\" height=\"720\" class=\"aligncenter size-full wp-image-244166\" srcset=\"https:\/\/migracao.redenoticia.com.br\/noticia\/imagens\/resumo-alma-gemea-logo-novela.jpg 1280w, https:\/\/migracao.redenoticia.com.br\/noticia\/imagens\/resumo-alma-gemea-logo-novela-250x140.jpg 250w, https:\/\/migracao.redenoticia.com.br\/noticia\/imagens\/resumo-alma-gemea-logo-novela-400x225.jpg 400w, https:\/\/migracao.redenoticia.com.br\/noticia\/imagens\/resumo-alma-gemea-logo-novela-768x432.jpg 768w, https:\/\/migracao.redenoticia.com.br\/noticia\/imagens\/resumo-alma-gemea-logo-novela-150x85.jpg 150w\" sizes=\"auto, (max-width: 1280px) 100vw, 1280px\" \/><\/p>\n<p><em><strong>Resumo da novela &#8220;Alma G\u00eamea&#8221;<\/strong><\/em> em 06\/09: no cap\u00edtulo 093(*) da novela, Ciro diz a Agnes que ela tamb\u00e9m precisa renascer e a beija. Um homem misterioso leva um p\u00e3o da cozinha de Crispim. Agnes se afasta de Ciro e exige que ele nunca mais lhe d\u00ea um beijo. O fantasma de Guto surge no quarto de Cristina e afirma que Rafael jamais esquecer\u00e1 Luna. Cristina fica furiosa e destr\u00f3i o quadro de Luna.<\/p>\n<p> Rafael tenta impedir o ataque de Cristina ao quadro de Luna. Cristina,ensandecida, parte para cima de Rafael. Rafael consegue segurar Cristina. Cristina explica a D\u00e9bora que n\u00e3o ag\u00fcenta mais ser desprezada por Rafael. D\u00e9bora manda Cristina se controlar. Rafael chora de saudades de Luna. Of\u00e9lia aconselha Divina a largar Osvaldo e ficar com Romeu, que \u00e9 rico. Osvaldo ouve e fica furioso. Rodriguez convida K\u00e1tia para voltar a trabalhar no clube. Crispim atira Rodriguez no chiqueiro para impedi-lo de importunar K\u00e1tia. K\u00e1tia fica arrasada, pois pretendia aceitar o convite de Rodriguez. Mirna explica a K\u00e1tia que Crispim a ama de verdade e jamais vai deix\u00e1-la ir embora. Osvaldo d\u00e1 uma li\u00e7\u00e3o em Of\u00e9lia. <\/p>\n<p>Romeu convida Roberval para conhecer as fazendas que ele vai herdar um dia. Raul pede a Terezinha para lhe ajudar a entrar na casa de Ol\u00edvia. Eduardo descobre que o exame de gravidez que Cristina fez na cl\u00ednica que ele indicou deu negativo. Agnes pergunta a Julian se ele acha certo ela se interessar por um homem mais novo. Ciro ouve. Eduardo pergunta a D\u00e9bora se Cristina mentiu quando disse que estava gr\u00e1vida. Cristina pede a Rafael para lhe perdoar. Cristina garante que fez tudo por amor.<\/p>\n<p>(*) edi\u00e7\u00e3o das novelas da Globo, &#8220;Alma G\u00eamea&#8221;, sujeito a altera\u00e7\u00e3o de data e conte\u00fado.<\/p>\n<p>Sinopse &#8220;Alma G\u00eamea&#8221;: Rafael e Luna casam-se e t\u00eam um filho, mas a felicidade \u00e9 invejada por Cristina. Em um passeio, Rafael reage a um assalto e um dos ladr\u00f5es, que \u00e9 conhecido de Cristina, atira. Luna morre. Enquanto Rafael se desespera com a perda de Luna, em um lugar bem distante dali, nasce a menina Serena, filha de uma \u00edndia com um garimpeiro. Ela cresce em uma aldeia ind\u00edgena e tem vis\u00f5es. <\/p>\n<p>Vinte anos se passam da morte de Luna. Serena consegue trabalho como empregada na mans\u00e3o de Rafael. Serena tem em seu corpo uma marca de nascen\u00e7a, no mesmo lugar em que Luna levou o tiro. A trama segue envolta em mist\u00e9rios e marcada por fatos inexplic\u00e1veis. Rafael passa a acreditar que Serena \u00e9 de fato a reencarna\u00e7\u00e3o de Luna, se apaixona por ela e a pede em casamento. Cristina e sua m\u00e3e D\u00e9bora percebem que Serena representa uma amea\u00e7a, e a novela segue com as duas tramando de tudo para separar os dois.<\/p>\n","protected":false},"excerpt":{"rendered":"<p>Resumo da novela &#8220;Alma G\u00eamea&#8221; em 06\/09: no cap\u00edtulo 093(*) da novela, Ciro diz a Agnes que ela tamb\u00e9m precisa renascer e a beija. Um homem misterioso leva um p\u00e3o da cozinha de Crispim. Agnes se afasta de Ciro e exige que ele nunca mais lhe d\u00ea um beijo. O fantasma de Guto surge no [&hellip;]<\/p>\n","protected":false},"author":5,"featured_media":244165,"comment_status":"closed","ping_status":"closed","sticky":false,"template":"","format":"standard","meta":{"tdm_status":"","tdm_grid_status":"","footnotes":""},"categories":[2328,379,375,2025,343],"tags":[441],"class_list":{"0":"post-247165","1":"post","2":"type-post","3":"status-publish","4":"format-standard","5":"has-post-thumbnail","7":"category-alma-gemea","8":"category-novelas","9":"category-rede-globo","10":"category-resumo","11":"category-televisao","12":"tag-resumo-do-dia"},"_links":{"self":[{"href":"https:\/\/migracao.redenoticia.com.br\/noticia\/wp-json\/wp\/v2\/posts\/247165","targetHints":{"allow":["GET"]}}],"collection":[{"href":"https:\/\/migracao.redenoticia.com.br\/noticia\/wp-json\/wp\/v2\/posts"}],"about":[{"href":"https:\/\/migracao.redenoticia.com.br\/noticia\/wp-json\/wp\/v2\/types\/post"}],"author":[{"embeddable":true,"href":"https:\/\/migracao.redenoticia.com.br\/noticia\/wp-json\/wp\/v2\/users\/5"}],"replies":[{"embeddable":true,"href":"https:\/\/migracao.redenoticia.com.br\/noticia\/wp-json\/wp\/v2\/comments?post=247165"}],"version-history":[{"count":0,"href":"https:\/\/migracao.redenoticia.com.br\/noticia\/wp-json\/wp\/v2\/posts\/247165\/revisions"}],"wp:featuredmedia":[{"embeddable":true,"href":"https:\/\/migracao.redenoticia.com.br\/noticia\/wp-json\/wp\/v2\/media\/244165"}],"wp:attachment":[{"href":"https:\/\/migracao.redenoticia.com.br\/noticia\/wp-json\/wp\/v2\/media?parent=247165"}],"wp:term":[{"taxonomy":"category","embeddable":true,"href":"https:\/\/migracao.redenoticia.com.br\/noticia\/wp-json\/wp\/v2\/categories?post=247165"},{"taxonomy":"post_tag","embeddable":true,"href":"https:\/\/migracao.redenoticia.com.br\/noticia\/wp-json\/wp\/v2\/tags?post=247165"}],"curies":[{"name":"wp","href":"https:\/\/api.w.org\/{rel}","templated":true}]}}