{"id":247210,"date":"2024-09-08T15:28:40","date_gmt":"2024-09-08T18:28:40","guid":{"rendered":"https:\/\/www.redenoticia.com.br\/noticia\/?p=247210"},"modified":"2024-09-08T15:28:40","modified_gmt":"2024-09-08T18:28:40","slug":"resumo-cabocla-09-09-bina-concorda-em-mandar-zuca-para-a-casa-de-boanerges","status":"publish","type":"post","link":"https:\/\/migracao.redenoticia.com.br\/noticia\/2024\/resumo-cabocla-09-09-bina-concorda-em-mandar-zuca-para-a-casa-de-boanerges\/247210","title":{"rendered":"Resumo &#8220;Cabocla&#8221; 09\/09: Bina concorda em mandar Zuca para a casa de Boanerges"},"content":{"rendered":"<p> <img loading=\"lazy\" decoding=\"async\" src=\"https:\/\/migracao.redenoticia.com.br\/noticia\/imagens\/cabocla-resumo-novela.jpg\" alt=\"\" width=\"1280\" height=\"720\" class=\"aligncenter size-full wp-image-246754\" srcset=\"https:\/\/migracao.redenoticia.com.br\/noticia\/imagens\/cabocla-resumo-novela.jpg 1280w, https:\/\/migracao.redenoticia.com.br\/noticia\/imagens\/cabocla-resumo-novela-250x140.jpg 250w, https:\/\/migracao.redenoticia.com.br\/noticia\/imagens\/cabocla-resumo-novela-400x225.jpg 400w, https:\/\/migracao.redenoticia.com.br\/noticia\/imagens\/cabocla-resumo-novela-768x432.jpg 768w, https:\/\/migracao.redenoticia.com.br\/noticia\/imagens\/cabocla-resumo-novela-150x85.jpg 150w\" sizes=\"auto, (max-width: 1280px) 100vw, 1280px\" \/>  <\/p>\n<p><em><strong>Resumo da novela &#8220;Cabocla&#8221;<\/strong><\/em> em 09\/09: no cap\u00edtulo 013(*) da novela, Tom\u00e9 consegue acalmar Tobias e garante que vai lutar ao lado dele, se Justino expulsar sua fam\u00edlia. Boanerges decide chamar Zuca para morar na fazenda uns tempos e ajudar Emerenciana. Belinha tem a id\u00e9ia de alfabetizar os adultos da regi\u00e3o dando aulas \u00e0 noite na escola. Boanerges promete pensar no assunto. Ritinha e Belinha saem para passear e Emerenciana manda que Nast\u00e1cio as siga. Lu\u00eds confere o registro no cart\u00f3rio de Xex\u00e9u e confirma que as terras s\u00e3o mesmo de Justino, mas afirma para Boanerges que talvez haja uma maneira de resolver a situa\u00e7\u00e3o. <\/p>\n<p>Bina concorda em mandar Zuca para a casa de Boanerges. Belinha e Neco se encontram. Nast\u00e1cio v\u00ea. Fel\u00edcio fica b\u00eabado e ofende Mariquinha. Nast\u00e1cio afirma para Ritinha que n\u00e3o conta o que viu se ela lhe der um beijo. Ritinha lhe d\u00e1 um tapa. Emerenciana v\u00ea e pergunta o que houve. Justino percebe que Mariquinha est\u00e1 abalada. Zuca atira um cravo de longe para Lu\u00eds.<\/p>\n<p>(*) edi\u00e7\u00e3o das novelas da Globo, &#8220;Cabocla&#8221;, sujeito a altera\u00e7\u00e3o de data e conte\u00fado.<\/p>\n<p>Sinopse \u201cCabocla\u201d: Lu\u00eds Jer\u00f4nimo \u00e9 um jovem mulherengo, descobre que est\u00e1 com uma les\u00e3o no pulm\u00e3o e decide passar uma temporada na fazenda de um primo em Vila da Mata, o coronel Boanerges. Ele logo se encanta por Zuca. Eles enfrentar\u00e3o muita resist\u00eancia por conta de Zuca ser noiva do teimoso e encrenqueiro pe\u00e3o Tobias. Pepa, apaixonada por Lu\u00eds, se estabelece na fazenda vizinha, de propriedade do coronel vi\u00favo Justino, inimigo pol\u00edtico do coronel Boanerges.<\/p>\n<p>Paralelamente a esse embate, acontece o amor entre Belinha e Neco. Ela \u00e9 filha de Boanerges e Emerenciana; ele, de Justino. Em meio a tudo isso, eis que os sentimentos de Mariquinha, filha do coronel Justino e irm\u00e3 de Neco, por Tobias afloraram, fazendo-os viverem um quarteto amoroso ao lado de Zuca e Lu\u00eds Jer\u00f4nimo. No decorrer da trama, Tom\u00e9 desiste de esperar Rosa e se apaixona por Tina, por\u00e9m acaba morrendo, v\u00edtima de um assassinato, e deixa Tina vi\u00fava e gr\u00e1vida dele.<\/p>\n","protected":false},"excerpt":{"rendered":"<p>Resumo da novela &#8220;Cabocla&#8221; em 09\/09: no cap\u00edtulo 013(*) da novela, Tom\u00e9 consegue acalmar Tobias e garante que vai lutar ao lado dele, se Justino expulsar sua fam\u00edlia. Boanerges decide chamar Zuca para morar na fazenda uns tempos e ajudar Emerenciana. Belinha tem a id\u00e9ia de alfabetizar os adultos da regi\u00e3o dando aulas \u00e0 noite [&hellip;]<\/p>\n","protected":false},"author":2,"featured_media":246755,"comment_status":"closed","ping_status":"closed","sticky":false,"template":"","format":"standard","meta":{"tdm_status":"","tdm_grid_status":"","footnotes":""},"categories":[2332,379,375,2025,343],"tags":[441],"class_list":{"0":"post-247210","1":"post","2":"type-post","3":"status-publish","4":"format-standard","5":"has-post-thumbnail","7":"category-cabocla","8":"category-novelas","9":"category-rede-globo","10":"category-resumo","11":"category-televisao","12":"tag-resumo-do-dia"},"_links":{"self":[{"href":"https:\/\/migracao.redenoticia.com.br\/noticia\/wp-json\/wp\/v2\/posts\/247210","targetHints":{"allow":["GET"]}}],"collection":[{"href":"https:\/\/migracao.redenoticia.com.br\/noticia\/wp-json\/wp\/v2\/posts"}],"about":[{"href":"https:\/\/migracao.redenoticia.com.br\/noticia\/wp-json\/wp\/v2\/types\/post"}],"author":[{"embeddable":true,"href":"https:\/\/migracao.redenoticia.com.br\/noticia\/wp-json\/wp\/v2\/users\/2"}],"replies":[{"embeddable":true,"href":"https:\/\/migracao.redenoticia.com.br\/noticia\/wp-json\/wp\/v2\/comments?post=247210"}],"version-history":[{"count":0,"href":"https:\/\/migracao.redenoticia.com.br\/noticia\/wp-json\/wp\/v2\/posts\/247210\/revisions"}],"wp:featuredmedia":[{"embeddable":true,"href":"https:\/\/migracao.redenoticia.com.br\/noticia\/wp-json\/wp\/v2\/media\/246755"}],"wp:attachment":[{"href":"https:\/\/migracao.redenoticia.com.br\/noticia\/wp-json\/wp\/v2\/media?parent=247210"}],"wp:term":[{"taxonomy":"category","embeddable":true,"href":"https:\/\/migracao.redenoticia.com.br\/noticia\/wp-json\/wp\/v2\/categories?post=247210"},{"taxonomy":"post_tag","embeddable":true,"href":"https:\/\/migracao.redenoticia.com.br\/noticia\/wp-json\/wp\/v2\/tags?post=247210"}],"curies":[{"name":"wp","href":"https:\/\/api.w.org\/{rel}","templated":true}]}}