{"id":247226,"date":"2024-09-09T13:45:24","date_gmt":"2024-09-09T16:45:24","guid":{"rendered":"https:\/\/www.redenoticia.com.br\/noticia\/?p=247226"},"modified":"2024-09-09T13:45:24","modified_gmt":"2024-09-09T16:45:24","slug":"resumo-cabocla-10-09-belinha-recebe-um-bilhete-de-neco","status":"publish","type":"post","link":"https:\/\/migracao.redenoticia.com.br\/noticia\/2024\/resumo-cabocla-10-09-belinha-recebe-um-bilhete-de-neco\/247226","title":{"rendered":"Resumo &#8220;Cabocla&#8221; 10\/09: Belinha recebe um bilhete de Neco"},"content":{"rendered":"<p> <img loading=\"lazy\" decoding=\"async\" src=\"https:\/\/migracao.redenoticia.com.br\/noticia\/imagens\/cabocla-resumo-novela.jpg\" alt=\"\" width=\"1280\" height=\"720\" class=\"aligncenter size-full wp-image-246754\" srcset=\"https:\/\/migracao.redenoticia.com.br\/noticia\/imagens\/cabocla-resumo-novela.jpg 1280w, https:\/\/migracao.redenoticia.com.br\/noticia\/imagens\/cabocla-resumo-novela-250x140.jpg 250w, https:\/\/migracao.redenoticia.com.br\/noticia\/imagens\/cabocla-resumo-novela-400x225.jpg 400w, https:\/\/migracao.redenoticia.com.br\/noticia\/imagens\/cabocla-resumo-novela-768x432.jpg 768w, https:\/\/migracao.redenoticia.com.br\/noticia\/imagens\/cabocla-resumo-novela-150x85.jpg 150w\" sizes=\"auto, (max-width: 1280px) 100vw, 1280px\" \/>  <\/p>\n<p><em><strong>Resumo da novela &#8220;Cabocla&#8221;<\/strong><\/em> em 10\/09: no cap\u00edtulo 014(*) da novela, Nast\u00e1cio n\u00e3o conta para Emerenciana que Belinha se encontrou com Neco. Mariquinha acaba confessando que Fel\u00edcio a insultou. Justino fica furioso, mas Neco e Mariquinha o convencem a n\u00e3o fazer nada. Lu\u00eds pergunta a Generosa h\u00e1 quanto tempo sua fam\u00edlia est\u00e1 naquelas terras e afirma que eles t\u00eam direito a elas por usucapi\u00e3o. Xex\u00e9u garante a Justino que Boanerges e Lu\u00eds acreditaram no registro falso no cart\u00f3rio. <\/p>\n<p>Boanerges manda que Tobias n\u00e3o fa\u00e7a nada contra Justino, pois eles t\u00eam uma chance de resolver tudo de maneira legal. Lu\u00eds fica sem gra\u00e7a ao descobrir que Zuca \u00e9 noiva de Tobias. Zuca comenta com Tobias que acha que eles est\u00e3o se casando r\u00e1pido demais, deixando-o decepcionado. Lu\u00eds tenta n\u00e3o pensar em Zuca. Pequetita convida Joaquim para jantar com ela. Zuca v\u00ea o quanto Tobias ficou chateado e diz que n\u00e3o quer adiar o casamento. Belinha recebe um bilhete de Neco.<\/p>\n<p>(*) edi\u00e7\u00e3o das novelas da Globo, &#8220;Cabocla&#8221;, sujeito a altera\u00e7\u00e3o de data e conte\u00fado.<\/p>\n<p>Sinopse \u201cCabocla\u201d: Lu\u00eds Jer\u00f4nimo \u00e9 um jovem mulherengo, descobre que est\u00e1 com uma les\u00e3o no pulm\u00e3o e decide passar uma temporada na fazenda de um primo em Vila da Mata, o coronel Boanerges. Ele logo se encanta por Zuca. Eles enfrentar\u00e3o muita resist\u00eancia por conta de Zuca ser noiva do teimoso e encrenqueiro pe\u00e3o Tobias. Pepa, apaixonada por Lu\u00eds, se estabelece na fazenda vizinha, de propriedade do coronel vi\u00favo Justino, inimigo pol\u00edtico do coronel Boanerges.<\/p>\n<p>Paralelamente a esse embate, acontece o amor entre Belinha e Neco. Ela \u00e9 filha de Boanerges e Emerenciana; ele, de Justino. Em meio a tudo isso, eis que os sentimentos de Mariquinha, filha do coronel Justino e irm\u00e3 de Neco, por Tobias afloraram, fazendo-os viverem um quarteto amoroso ao lado de Zuca e Lu\u00eds Jer\u00f4nimo. No decorrer da trama, Tom\u00e9 desiste de esperar Rosa e se apaixona por Tina, por\u00e9m acaba morrendo, v\u00edtima de um assassinato, e deixa Tina vi\u00fava e gr\u00e1vida dele.<\/p>\n","protected":false},"excerpt":{"rendered":"<p>Resumo da novela &#8220;Cabocla&#8221; em 10\/09: no cap\u00edtulo 014(*) da novela, Nast\u00e1cio n\u00e3o conta para Emerenciana que Belinha se encontrou com Neco. Mariquinha acaba confessando que Fel\u00edcio a insultou. Justino fica furioso, mas Neco e Mariquinha o convencem a n\u00e3o fazer nada. Lu\u00eds pergunta a Generosa h\u00e1 quanto tempo sua fam\u00edlia est\u00e1 naquelas terras e [&hellip;]<\/p>\n","protected":false},"author":2,"featured_media":246755,"comment_status":"closed","ping_status":"closed","sticky":false,"template":"","format":"standard","meta":{"tdm_status":"","tdm_grid_status":"","footnotes":""},"categories":[2332,379,375,2025,343],"tags":[441],"class_list":{"0":"post-247226","1":"post","2":"type-post","3":"status-publish","4":"format-standard","5":"has-post-thumbnail","7":"category-cabocla","8":"category-novelas","9":"category-rede-globo","10":"category-resumo","11":"category-televisao","12":"tag-resumo-do-dia"},"_links":{"self":[{"href":"https:\/\/migracao.redenoticia.com.br\/noticia\/wp-json\/wp\/v2\/posts\/247226","targetHints":{"allow":["GET"]}}],"collection":[{"href":"https:\/\/migracao.redenoticia.com.br\/noticia\/wp-json\/wp\/v2\/posts"}],"about":[{"href":"https:\/\/migracao.redenoticia.com.br\/noticia\/wp-json\/wp\/v2\/types\/post"}],"author":[{"embeddable":true,"href":"https:\/\/migracao.redenoticia.com.br\/noticia\/wp-json\/wp\/v2\/users\/2"}],"replies":[{"embeddable":true,"href":"https:\/\/migracao.redenoticia.com.br\/noticia\/wp-json\/wp\/v2\/comments?post=247226"}],"version-history":[{"count":0,"href":"https:\/\/migracao.redenoticia.com.br\/noticia\/wp-json\/wp\/v2\/posts\/247226\/revisions"}],"wp:featuredmedia":[{"embeddable":true,"href":"https:\/\/migracao.redenoticia.com.br\/noticia\/wp-json\/wp\/v2\/media\/246755"}],"wp:attachment":[{"href":"https:\/\/migracao.redenoticia.com.br\/noticia\/wp-json\/wp\/v2\/media?parent=247226"}],"wp:term":[{"taxonomy":"category","embeddable":true,"href":"https:\/\/migracao.redenoticia.com.br\/noticia\/wp-json\/wp\/v2\/categories?post=247226"},{"taxonomy":"post_tag","embeddable":true,"href":"https:\/\/migracao.redenoticia.com.br\/noticia\/wp-json\/wp\/v2\/tags?post=247226"}],"curies":[{"name":"wp","href":"https:\/\/api.w.org\/{rel}","templated":true}]}}