{"id":247315,"date":"2024-09-12T13:51:16","date_gmt":"2024-09-12T16:51:16","guid":{"rendered":"https:\/\/www.redenoticia.com.br\/noticia\/?p=247315"},"modified":"2024-09-12T13:51:16","modified_gmt":"2024-09-12T16:51:16","slug":"resumo-a-caverna-encantada-13-09-moleza-diz-que-nao-confia-em-pedro-e-andre","status":"publish","type":"post","link":"https:\/\/migracao.redenoticia.com.br\/noticia\/2024\/resumo-a-caverna-encantada-13-09-moleza-diz-que-nao-confia-em-pedro-e-andre\/247315","title":{"rendered":"Resumo \u201cA Caverna Encantada\u201d 13\/09: Moleza diz que n\u00e3o confia em Pedro e Andr\u00e9"},"content":{"rendered":"<p> <img loading=\"lazy\" decoding=\"async\" src=\"https:\/\/migracao.redenoticia.com.br\/noticia\/imagens\/a-caverna-encantada-resumo-novela.jpg\" alt=\"\" width=\"1280\" height=\"720\" class=\"aligncenter size-full wp-image-246126\" srcset=\"https:\/\/migracao.redenoticia.com.br\/noticia\/imagens\/a-caverna-encantada-resumo-novela.jpg 1280w, https:\/\/migracao.redenoticia.com.br\/noticia\/imagens\/a-caverna-encantada-resumo-novela-250x140.jpg 250w, https:\/\/migracao.redenoticia.com.br\/noticia\/imagens\/a-caverna-encantada-resumo-novela-400x225.jpg 400w, https:\/\/migracao.redenoticia.com.br\/noticia\/imagens\/a-caverna-encantada-resumo-novela-768x432.jpg 768w, https:\/\/migracao.redenoticia.com.br\/noticia\/imagens\/a-caverna-encantada-resumo-novela-150x85.jpg 150w\" sizes=\"auto, (max-width: 1280px) 100vw, 1280px\" \/> <\/p>\n<p><strong><em>Resumo da novela \u201cA Caverna Encantada\u201d<\/em><\/strong> em 13\/09: no cap\u00edtulo 035(*) da novela, Pilar d\u00e1 aula sobre criptograma aos alunos. Manu fica de recupera\u00e7\u00e3o em matem\u00e1tica, e Anna e Isadora prometem ajud\u00e1-la. Shirley e Wanda descobrem que Goma enganou Thomas. O empres\u00e1rio diz que n\u00e3o queria ver o funcion\u00e1rio trabalhando em outro lugar. Lav\u00ednia pega o carimbo de Anna. Norma percebe que Moleza saiu da gaiola. Pedro, Andr\u00e9 e Anna descobrem um livro com uma pista para abrir a fechadura.<\/p>\n<p>Moleza diz a Anna que n\u00e3o confia em Pedro e Andr\u00e9. As crian\u00e7as tentam decifrar o enigma do livro, e Lav\u00ednia aparece para atrapalhar. Norma recupera Moleza e dorme abra\u00e7ada com ele. Pedro e Andr\u00e9 levam Lav\u00ednia para a cozinha e a distraem preparando uma receita. Tonico diz para Anna que a fechadura misteriosa \u00e9 um quadro de luz e pede para ela ficar longe.<\/p>\n<p>(*) edi\u00e7\u00e3o das novelas do SBT, \u201cA Caverna Encantada\u201d, sujeito a altera\u00e7\u00e3o de data e conte\u00fado.<\/p>\n<p>Sinopse \u201cA Caverna Encantada\u201d: A trama conta a hist\u00f3ria de Anna, uma menina de 7 anos, filha do m\u00e9dico e tamb\u00e9m mission\u00e1rio Paulo. O pai recebe um chamado para uma miss\u00e3o perigosa e, infelizmente, Anna n\u00e3o poder\u00e1 acompanh\u00e1-lo. Paulo deixa a filha Anna num col\u00e9gio interno no interior de S\u00e3o Paulo, onde a garota vai conviver com crian\u00e7as bem diferentes. O pai garante voltar no dia do anivers\u00e1rio da filha, mas misteriosamente, n\u00e3o retorna. Anna decide investigar os motivos sobre o sumi\u00e7o do pai e descobre algumas coisas interessantes sobre seu passado.<\/p>\n","protected":false},"excerpt":{"rendered":"<p>Resumo da novela \u201cA Caverna Encantada\u201d em 13\/09: no cap\u00edtulo 035(*) da novela, Pilar d\u00e1 aula sobre criptograma aos alunos. Manu fica de recupera\u00e7\u00e3o em matem\u00e1tica, e Anna e Isadora prometem ajud\u00e1-la. Shirley e Wanda descobrem que Goma enganou Thomas. O empres\u00e1rio diz que n\u00e3o queria ver o funcion\u00e1rio trabalhando em outro lugar. Lav\u00ednia pega [&hellip;]<\/p>\n","protected":false},"author":4,"featured_media":246125,"comment_status":"closed","ping_status":"closed","sticky":false,"template":"","format":"standard","meta":{"tdm_status":"","tdm_grid_status":"","footnotes":""},"categories":[2331,379,2025,372,343],"tags":[441],"class_list":{"0":"post-247315","1":"post","2":"type-post","3":"status-publish","4":"format-standard","5":"has-post-thumbnail","7":"category-a-caverna-encantada","8":"category-novelas","9":"category-resumo","10":"category-sbt","11":"category-televisao","12":"tag-resumo-do-dia"},"_links":{"self":[{"href":"https:\/\/migracao.redenoticia.com.br\/noticia\/wp-json\/wp\/v2\/posts\/247315","targetHints":{"allow":["GET"]}}],"collection":[{"href":"https:\/\/migracao.redenoticia.com.br\/noticia\/wp-json\/wp\/v2\/posts"}],"about":[{"href":"https:\/\/migracao.redenoticia.com.br\/noticia\/wp-json\/wp\/v2\/types\/post"}],"author":[{"embeddable":true,"href":"https:\/\/migracao.redenoticia.com.br\/noticia\/wp-json\/wp\/v2\/users\/4"}],"replies":[{"embeddable":true,"href":"https:\/\/migracao.redenoticia.com.br\/noticia\/wp-json\/wp\/v2\/comments?post=247315"}],"version-history":[{"count":0,"href":"https:\/\/migracao.redenoticia.com.br\/noticia\/wp-json\/wp\/v2\/posts\/247315\/revisions"}],"wp:featuredmedia":[{"embeddable":true,"href":"https:\/\/migracao.redenoticia.com.br\/noticia\/wp-json\/wp\/v2\/media\/246125"}],"wp:attachment":[{"href":"https:\/\/migracao.redenoticia.com.br\/noticia\/wp-json\/wp\/v2\/media?parent=247315"}],"wp:term":[{"taxonomy":"category","embeddable":true,"href":"https:\/\/migracao.redenoticia.com.br\/noticia\/wp-json\/wp\/v2\/categories?post=247315"},{"taxonomy":"post_tag","embeddable":true,"href":"https:\/\/migracao.redenoticia.com.br\/noticia\/wp-json\/wp\/v2\/tags?post=247315"}],"curies":[{"name":"wp","href":"https:\/\/api.w.org\/{rel}","templated":true}]}}