{"id":247432,"date":"2024-09-16T13:22:46","date_gmt":"2024-09-16T16:22:46","guid":{"rendered":"https:\/\/www.redenoticia.com.br\/noticia\/?p=247432"},"modified":"2024-09-16T13:22:46","modified_gmt":"2024-09-16T16:22:46","slug":"resumo-alma-gemea-17-09-dalila-da-a-luz-uma-menina","status":"publish","type":"post","link":"https:\/\/migracao.redenoticia.com.br\/noticia\/2024\/resumo-alma-gemea-17-09-dalila-da-a-luz-uma-menina\/247432","title":{"rendered":"Resumo &#8220;Alma G\u00eamea&#8221; 17\/09: Dalila d\u00e1 \u00e0 luz uma menina"},"content":{"rendered":"<p> <img loading=\"lazy\" decoding=\"async\" src=\"https:\/\/migracao.redenoticia.com.br\/noticia\/imagens\/resumo-alma-gemea-logo-novela.jpg\" alt=\"\" width=\"1280\" height=\"720\" class=\"aligncenter size-full wp-image-244166\" srcset=\"https:\/\/migracao.redenoticia.com.br\/noticia\/imagens\/resumo-alma-gemea-logo-novela.jpg 1280w, https:\/\/migracao.redenoticia.com.br\/noticia\/imagens\/resumo-alma-gemea-logo-novela-250x140.jpg 250w, https:\/\/migracao.redenoticia.com.br\/noticia\/imagens\/resumo-alma-gemea-logo-novela-400x225.jpg 400w, https:\/\/migracao.redenoticia.com.br\/noticia\/imagens\/resumo-alma-gemea-logo-novela-768x432.jpg 768w, https:\/\/migracao.redenoticia.com.br\/noticia\/imagens\/resumo-alma-gemea-logo-novela-150x85.jpg 150w\" sizes=\"auto, (max-width: 1280px) 100vw, 1280px\" \/><\/p>\n<p><em><strong>Resumo da novela &#8220;Alma G\u00eamea&#8221;<\/strong><\/em> em 17\/09: no cap\u00edtulo 100(*) da novela, Serena explica a Julian que sente ter uma miss\u00e3o ligada a Rafael. Agnes aconselha Serena a esquecer Rafael, mas ela afirma que n\u00e3o pode. Crispim exige que Jorge marque a data da festa de noivado e do casamento. Raul descobre por interm\u00e9dio de Jorge que Ol\u00edvia est\u00e1 amea\u00e7ada pelos cobradores. Eduardo pergunta a Rafael o que ele faria se soubesse que Cristina nunca esperou um filho. Para evitar aborrecimentos, Rafael n\u00e3o lhe d\u00e1 ouvidos. Dalila come\u00e7a a sentir as dores do parto. Serena tenta fazer o parto de Dalila, mas percebe que h\u00e1 algo errado. H\u00e9lio pede a ajuda de Eduardo. Roberval chega \u00e0 cidade e visita os amigos na barbearia. Dalila faz for\u00e7a como pede Serena. D\u00e9bora humilha Zulmira. Roberval descobre que seu filho est\u00e1 nascendo. Eduardo chega e descobre que Dalila corre perigo. <\/p>\n<p>Jorge pergunta a K\u00e1tia por que mandou Crispim apressar seu casamento com Mirna. Cristina diz a D\u00e9bora que n\u00e3o quer enganar Rafael como Raul pediu, pois tem esperan\u00e7as de que ele ainda se apaixone por ela. Mirella fala para Raul que seu filho est\u00e1 nascendo. Eduardo explica a Roberval que o beb\u00ea pode n\u00e3o sobreviver, deixando-o desesperado. D\u00e9bora diz a Cristina que deve convencer Rafael a vender o roseiral. Rafael pergunta a D\u00e9bora e Cristina sobre o que est\u00e3o falando. Eduardo \u00e9 obrigado a puxar o beb\u00ea para que ele n\u00e3o sufoque com o cord\u00e3o umbilical. Serena tenta tranq\u00fcilizar Dalila. Cristina se faz de ofendida e fala para Rafael que estava se queixando dele para D\u00e9bora. Rafael confessa para Cristina que ainda \u00e9 apaixonado por Serena. Cristina garante a Rafael que sempre ir\u00e1 am\u00e1-lo, mas exige que ele n\u00e3o a maltrate mais. Cristina v\u00ea o reflexo de Luna no espelho.<\/p>\n<p> Raul explica para Mirella que n\u00e3o considera o beb\u00ea de Dalila seu filho. Mirella fica chocada com a frieza de Raul. Dalila d\u00e1 \u00e0 luz uma menina saud\u00e1vel e decide batiz\u00e1-la de Clara. A homenagem \u00e0 mem\u00f3ria de sua m\u00e3e emociona Roberval. Cristina v\u00ea o reflexo de Luna no espelho e avan\u00e7a sobre ele. Serena se sente mal e desmaia. K\u00e1tia diz a Jorge que n\u00e3o quer que se aproveite da inoc\u00eancia de Mirna. Jorge joga charme e K\u00e1tia se vinga dizendo a Crispim que o casamento deve ser ap\u00f3s o noivado. Ol\u00edvia descobre que ter\u00e1 que pagar os talheres do restaurante em poucos dias ou ser\u00e3o confiscados. Jos\u00e9 Aristides mostra a Bernardo que h\u00e1 uma formiga perigosa no roseiral de Rafael. Eduardo diz a Agnes e Adelaide que Serena precisa fazer exames para investigar os constantes desmaios. <\/p>\n<p>Roberval exige que Dalila jogue fora as flores que Mirella trouxe por pensar que foram enviadas por Raul. Julian diz a Alexandra que ela precisa cultivar os bons sentimentos para afastar o esp\u00edrito mau que a domina. Alexandra conta para Julian que o esp\u00edrito quer que ela seja sua mulher. Eduardo conta a Julian que Dalila fez o exame de gravidez no lugar de Cristina. Crispim decide cobrar Ol\u00edvia, K\u00e1tia e Mirna o acompanham. Dalila d\u00e1 as flores que recebeu de Mirella para Serena. Serena diz que est\u00e1 bem e que um dia far\u00e1 os exames. Rafael ouve o que considera um absurdo\u2026D\u00e9bora exige que ele destrua o atelier de Luna. A v\u00edbora-m\u00e3e afirma que \u00e9 pelo bem da sa\u00fade de sua filhinha, Cristina.<\/p>\n<p>(*) edi\u00e7\u00e3o das novelas da Globo, &#8220;Alma G\u00eamea&#8221;, sujeito a altera\u00e7\u00e3o de data e conte\u00fado.<\/p>\n<p>Sinopse &#8220;Alma G\u00eamea&#8221;: Rafael e Luna casam-se e t\u00eam um filho, mas a felicidade \u00e9 invejada por Cristina. Em um passeio, Rafael reage a um assalto e um dos ladr\u00f5es, que \u00e9 conhecido de Cristina, atira. Luna morre. Enquanto Rafael se desespera com a perda de Luna, em um lugar bem distante dali, nasce a menina Serena, filha de uma \u00edndia com um garimpeiro. Ela cresce em uma aldeia ind\u00edgena e tem vis\u00f5es. <\/p>\n<p>Vinte anos se passam da morte de Luna. Serena consegue trabalho como empregada na mans\u00e3o de Rafael. Serena tem em seu corpo uma marca de nascen\u00e7a, no mesmo lugar em que Luna levou o tiro. A trama segue envolta em mist\u00e9rios e marcada por fatos inexplic\u00e1veis. Rafael passa a acreditar que Serena \u00e9 de fato a reencarna\u00e7\u00e3o de Luna, se apaixona por ela e a pede em casamento. Cristina e sua m\u00e3e D\u00e9bora percebem que Serena representa uma amea\u00e7a, e a novela segue com as duas tramando de tudo para separar os dois.<\/p>\n","protected":false},"excerpt":{"rendered":"<p>Resumo da novela &#8220;Alma G\u00eamea&#8221; em 17\/09: no cap\u00edtulo 100(*) da novela, Serena explica a Julian que sente ter uma miss\u00e3o ligada a Rafael. Agnes aconselha Serena a esquecer Rafael, mas ela afirma que n\u00e3o pode. Crispim exige que Jorge marque a data da festa de noivado e do casamento. Raul descobre por interm\u00e9dio de [&hellip;]<\/p>\n","protected":false},"author":5,"featured_media":244165,"comment_status":"closed","ping_status":"closed","sticky":false,"template":"","format":"standard","meta":{"tdm_status":"","tdm_grid_status":"","footnotes":""},"categories":[2328,379,375,2025,343],"tags":[441],"class_list":{"0":"post-247432","1":"post","2":"type-post","3":"status-publish","4":"format-standard","5":"has-post-thumbnail","7":"category-alma-gemea","8":"category-novelas","9":"category-rede-globo","10":"category-resumo","11":"category-televisao","12":"tag-resumo-do-dia"},"_links":{"self":[{"href":"https:\/\/migracao.redenoticia.com.br\/noticia\/wp-json\/wp\/v2\/posts\/247432","targetHints":{"allow":["GET"]}}],"collection":[{"href":"https:\/\/migracao.redenoticia.com.br\/noticia\/wp-json\/wp\/v2\/posts"}],"about":[{"href":"https:\/\/migracao.redenoticia.com.br\/noticia\/wp-json\/wp\/v2\/types\/post"}],"author":[{"embeddable":true,"href":"https:\/\/migracao.redenoticia.com.br\/noticia\/wp-json\/wp\/v2\/users\/5"}],"replies":[{"embeddable":true,"href":"https:\/\/migracao.redenoticia.com.br\/noticia\/wp-json\/wp\/v2\/comments?post=247432"}],"version-history":[{"count":0,"href":"https:\/\/migracao.redenoticia.com.br\/noticia\/wp-json\/wp\/v2\/posts\/247432\/revisions"}],"wp:featuredmedia":[{"embeddable":true,"href":"https:\/\/migracao.redenoticia.com.br\/noticia\/wp-json\/wp\/v2\/media\/244165"}],"wp:attachment":[{"href":"https:\/\/migracao.redenoticia.com.br\/noticia\/wp-json\/wp\/v2\/media?parent=247432"}],"wp:term":[{"taxonomy":"category","embeddable":true,"href":"https:\/\/migracao.redenoticia.com.br\/noticia\/wp-json\/wp\/v2\/categories?post=247432"},{"taxonomy":"post_tag","embeddable":true,"href":"https:\/\/migracao.redenoticia.com.br\/noticia\/wp-json\/wp\/v2\/tags?post=247432"}],"curies":[{"name":"wp","href":"https:\/\/api.w.org\/{rel}","templated":true}]}}