{"id":247525,"date":"2024-09-19T12:52:18","date_gmt":"2024-09-19T15:52:18","guid":{"rendered":"https:\/\/www.redenoticia.com.br\/noticia\/?p=247525"},"modified":"2024-09-19T12:52:18","modified_gmt":"2024-09-19T15:52:18","slug":"resumo-mania-de-voce-20-09-viola-volta-para-o-brasil","status":"publish","type":"post","link":"https:\/\/migracao.redenoticia.com.br\/noticia\/2024\/resumo-mania-de-voce-20-09-viola-volta-para-o-brasil\/247525","title":{"rendered":"Resumo &#8220;Mania de Voc\u00ea&#8221; 20\/09: Viola volta para o Brasil"},"content":{"rendered":"<p> <img loading=\"lazy\" decoding=\"async\" src=\"https:\/\/migracao.redenoticia.com.br\/noticia\/imagens\/resumo-mania-de-voce-novela-globo.jpg\" alt=\"\" width=\"1280\" height=\"720\" class=\"aligncenter size-full wp-image-247027\" srcset=\"https:\/\/migracao.redenoticia.com.br\/noticia\/imagens\/resumo-mania-de-voce-novela-globo.jpg 1280w, https:\/\/migracao.redenoticia.com.br\/noticia\/imagens\/resumo-mania-de-voce-novela-globo-250x140.jpg 250w, https:\/\/migracao.redenoticia.com.br\/noticia\/imagens\/resumo-mania-de-voce-novela-globo-400x225.jpg 400w, https:\/\/migracao.redenoticia.com.br\/noticia\/imagens\/resumo-mania-de-voce-novela-globo-768x432.jpg 768w, https:\/\/migracao.redenoticia.com.br\/noticia\/imagens\/resumo-mania-de-voce-novela-globo-150x85.jpg 150w\" sizes=\"auto, (max-width: 1280px) 100vw, 1280px\" \/> <\/p>\n<p><strong><em>Resumo da novela &#8220;Mania de Voc\u00ea&#8221;<\/em><\/strong> em 20\/09: no cap\u00edtulo 011(*) da novela, olina dopa M\u00e9rcia. Luma tenta convencer Viola a fica na ilha com Mavi. M\u00e9rcia vai perdendo os sentidos, mas consegue enviar uma mensagem para Mavi. Molina deixa M\u00e9rcia na banheira com \u00e1gua e sai. Luma e Mavi salvam M\u00e9rcia. Quando se recupera, ela faz revela\u00e7\u00f5es sobre o passado de Mavi e Luma. Molina apaga arquivos do seu computador. Luma, Mavi e M\u00e9rcia, na companhia de um seguran\u00e7a, confrontam Molina. Luma manda Molina ir embora. O seguran\u00e7a leva Molina, que reage e consegue fugir. Molina vai \u00e0 casa de Mavi, e amea\u00e7a Viola. Rud\u00e1 vai falar com Luma na mans\u00e3o, e fica sabendo de tudo o que acontece. <\/p>\n<p>Luma e Mavi ficam juntos. Sandra convida Viola para ser chefe de cozinha de seu restaurante. Rud\u00e1 chega a Portugal, usando o nome falso Leon, e \u00e9 recebido por Yuri. Yuri avisa a Mavi que Rud\u00e1 j\u00e1 est\u00e1 com o celular grampeado. Mavi l\u00ea as mensagens trocadas entre Rud\u00e1 e Viola. Viola chega a Portugal para encontrar Rud\u00e1. Mavi manipula as mensagens no celular entre Rud\u00e1 e Viola, fazendo com que o casal acabe se separando. M\u00e9rcia aconselha Mavi a esquecer Viola.<\/p>\n<p>Viola volta para o Brasil, determinada a esquecer do passado. Berta passa mal, faz alguns exames onde s\u00e3o constatadas imagens suspeitas. Mavi e Luma se mudam para S\u00e3o Paulo. Viola comemora o convite de Sandra para morar em Paris. Luma assina uma procura\u00e7\u00e3o sem ler, dando poderes para Mavi.  Moema queima o telegrama de Rud\u00e1 para Iber\u00ea n\u00e3o ler. Rud\u00e1 \u00e9 agredido pelos seguran\u00e7as de Yuri, e Filipa lhe oferece ajuda. Viola \u00e9 convidada para trabalhar no melhor restaurante de Paris. Luma descobre que Mavi vendeu sua casa de Angra dos Reis. <\/p>\n<p>(*) edi\u00e7\u00e3o das novelas da Globo, &#8220;Mania de Voc\u00ea&#8221;, sujeito a altera\u00e7\u00e3o de data e conte\u00fado.<\/p>\n<p>Sinopse &#8220;Mania de Voc\u00ea&#8221;: Viola (Gabz) e Luma (Agatha Moreira), duas mulheres que nasceram no mesmo dia e se conhecem anos mais tarde, unidas por coincid\u00eancias que v\u00e3o al\u00e9m da data de anivers\u00e1rio. Uma jornada que as inclui num quarteto amoroso com Mavi (Chay Suede) e Rud\u00e1 (Nicolas Prattes) e que ser\u00e1 dividida entre a cumplicidade e a rivalidade, impactada por uma s\u00e9rie de circunst\u00e2ncias, como o segredo em torno de um assassinato. Como pano de fundo, o universo da gastronomia e o cen\u00e1rio da natureza paradis\u00edaca de Angra dos Reis.<\/p>\n<p>Na segunda fase de &#8220;Mania de Voc\u00ea&#8221;, que se passa 10 anos ap\u00f3s o assassinato de Molina (Rodrigo Lombardi), novos personagens aparecem na trama criada e escrita por Jo\u00e3o Emanuel Carneiro, com dire\u00e7\u00e3o art\u00edstica de Carlos Araujo. \u00c9 o caso da fam\u00edlia de Leidi (Thalita Carauta), que surge nos primeiros cap\u00edtulos da novela, mas retorna ao lado da fam\u00edlia na segunda fase, transformando a luxuosa rotina de \u00cdsis (Mariana Ximenes) em um pesadelo c\u00f4mico. <\/p>\n","protected":false},"excerpt":{"rendered":"<p>Resumo da novela &#8220;Mania de Voc\u00ea&#8221; em 20\/09: no cap\u00edtulo 011(*) da novela, olina dopa M\u00e9rcia. Luma tenta convencer Viola a fica na ilha com Mavi. M\u00e9rcia vai perdendo os sentidos, mas consegue enviar uma mensagem para Mavi. Molina deixa M\u00e9rcia na banheira com \u00e1gua e sai. Luma e Mavi salvam M\u00e9rcia. Quando se recupera, [&hellip;]<\/p>\n","protected":false},"author":2,"featured_media":247026,"comment_status":"closed","ping_status":"closed","sticky":false,"template":"","format":"standard","meta":{"tdm_status":"","tdm_grid_status":"","footnotes":""},"categories":[2333,379,375,2025,343],"tags":[441],"class_list":{"0":"post-247525","1":"post","2":"type-post","3":"status-publish","4":"format-standard","5":"has-post-thumbnail","7":"category-mania-de-voce","8":"category-novelas","9":"category-rede-globo","10":"category-resumo","11":"category-televisao","12":"tag-resumo-do-dia"},"_links":{"self":[{"href":"https:\/\/migracao.redenoticia.com.br\/noticia\/wp-json\/wp\/v2\/posts\/247525","targetHints":{"allow":["GET"]}}],"collection":[{"href":"https:\/\/migracao.redenoticia.com.br\/noticia\/wp-json\/wp\/v2\/posts"}],"about":[{"href":"https:\/\/migracao.redenoticia.com.br\/noticia\/wp-json\/wp\/v2\/types\/post"}],"author":[{"embeddable":true,"href":"https:\/\/migracao.redenoticia.com.br\/noticia\/wp-json\/wp\/v2\/users\/2"}],"replies":[{"embeddable":true,"href":"https:\/\/migracao.redenoticia.com.br\/noticia\/wp-json\/wp\/v2\/comments?post=247525"}],"version-history":[{"count":0,"href":"https:\/\/migracao.redenoticia.com.br\/noticia\/wp-json\/wp\/v2\/posts\/247525\/revisions"}],"wp:featuredmedia":[{"embeddable":true,"href":"https:\/\/migracao.redenoticia.com.br\/noticia\/wp-json\/wp\/v2\/media\/247026"}],"wp:attachment":[{"href":"https:\/\/migracao.redenoticia.com.br\/noticia\/wp-json\/wp\/v2\/media?parent=247525"}],"wp:term":[{"taxonomy":"category","embeddable":true,"href":"https:\/\/migracao.redenoticia.com.br\/noticia\/wp-json\/wp\/v2\/categories?post=247525"},{"taxonomy":"post_tag","embeddable":true,"href":"https:\/\/migracao.redenoticia.com.br\/noticia\/wp-json\/wp\/v2\/tags?post=247525"}],"curies":[{"name":"wp","href":"https:\/\/api.w.org\/{rel}","templated":true}]}}