{"id":24761,"date":"2010-03-19T11:53:20","date_gmt":"2010-03-19T15:53:20","guid":{"rendered":"http:\/\/www.redenoticia.com.br\/noticia\/?p=24761"},"modified":"2018-08-13T10:49:31","modified_gmt":"2018-08-13T13:49:31","slug":"cadu-ganha-carro-e-prova-do-lider-ao-vivo-no-bbb-10","status":"publish","type":"post","link":"https:\/\/migracao.redenoticia.com.br\/noticia\/2010\/cadu-ganha-carro-e-prova-do-lider-ao-vivo-no-bbb-10\/24761","title":{"rendered":"Cadu ganha carro e prova do l\u00edder ao vivo no BBB 10"},"content":{"rendered":"<p><img loading=\"lazy\" decoding=\"async\" class=\"alignleft size-full wp-image-22134\" title=\"BBB 10 Rede Globo\" src=\"https:\/\/migracao.redenoticia.com.br\/noticia\/imagens\/BBB-10-Rede-Globo.jpg\" alt=\"\" width=\"300\" height=\"193\" srcset=\"https:\/\/migracao.redenoticia.com.br\/noticia\/imagens\/BBB-10-Rede-Globo.jpg 300w, https:\/\/migracao.redenoticia.com.br\/noticia\/imagens\/BBB-10-Rede-Globo-250x161.jpg 250w, https:\/\/migracao.redenoticia.com.br\/noticia\/imagens\/BBB-10-Rede-Globo-150x97.jpg 150w\" sizes=\"auto, (max-width: 300px) 100vw, 300px\" \/>A prova do l\u00edder <strong><em>BBB 10<\/em><\/strong>, iniciada ao vivo pela Rede Globo na quinta-feira (18\/03), durou mais de treze horas. A <strong><em>prova do l\u00edder<\/em><\/strong> foi de resist\u00eancia contou com a interven\u00e7\u00e3o <strong><em>ao vivo<\/em><\/strong> dos internautas, que influenciaram na intensidade de desafios como chuva, frio e calor. Anamara n\u00e3o resistiu ao frio e foi a primeira desistente. Lia, Serginho e Fernanda sa\u00edram nesta seq\u00fc\u00eancia.<\/p>\n<p>Dourado, Cadu e Dicesar ag\u00fcentaram os desafios at\u00e9 que a produ\u00e7\u00e3o deixou os brothers por um longo per\u00edodo dentro do carro e no escuro. Dourado cochilou e, quando alertado por Cadu, abriu a porta do carro no momento em que ainda n\u00e3o era permitido. Dourado foi eliminado por este vacilo.<\/p>\n<p>Na outra sala, Dicesar estava sozinho no carro e tamb\u00e9m cochilou. Quando ouviu a mensagem que quem cochilou no carro estava desclassificado, emitida para Dourado, Dicesar achou que era para ele e saiu da prova. Ap\u00f3s alguns momentos Cadu foi avisado que ganhou a lideran\u00e7a e um carro.<\/p>\n<p>Lia comemorou muito a vit\u00f3ria de Cadu. Depois de algum tempo, tamb\u00e9m parabenizou Dicesar pela resist\u00eancia. Anamara recebeu Dourado e ficou conversando sobre a prova at\u00e9 ele comer e dormir.<\/p>\n<p>BBB 10 \u2013 Rede Globo<\/p>\n","protected":false},"excerpt":{"rendered":"<p>A prova do l\u00edder BBB 10, iniciada ao vivo pela Rede Globo na quinta-feira (18\/03), durou mais de treze horas. A prova do l\u00edder foi de resist\u00eancia contou com a interven\u00e7\u00e3o ao vivo dos internautas, que influenciaram na intensidade de desafios como chuva, frio e calor. Anamara n\u00e3o resistiu ao frio e foi a primeira [&hellip;]<\/p>\n","protected":false},"author":3,"featured_media":22134,"comment_status":"open","ping_status":"open","sticky":false,"template":"","format":"standard","meta":{"tdm_status":"","tdm_grid_status":"","footnotes":""},"categories":[520,22,375,343],"tags":[],"class_list":{"0":"post-24761","1":"post","2":"type-post","3":"status-publish","4":"format-standard","5":"has-post-thumbnail","7":"category-big-brother-brasil","8":"category-brasil","9":"category-rede-globo","10":"category-televisao"},"_links":{"self":[{"href":"https:\/\/migracao.redenoticia.com.br\/noticia\/wp-json\/wp\/v2\/posts\/24761","targetHints":{"allow":["GET"]}}],"collection":[{"href":"https:\/\/migracao.redenoticia.com.br\/noticia\/wp-json\/wp\/v2\/posts"}],"about":[{"href":"https:\/\/migracao.redenoticia.com.br\/noticia\/wp-json\/wp\/v2\/types\/post"}],"author":[{"embeddable":true,"href":"https:\/\/migracao.redenoticia.com.br\/noticia\/wp-json\/wp\/v2\/users\/3"}],"replies":[{"embeddable":true,"href":"https:\/\/migracao.redenoticia.com.br\/noticia\/wp-json\/wp\/v2\/comments?post=24761"}],"version-history":[{"count":0,"href":"https:\/\/migracao.redenoticia.com.br\/noticia\/wp-json\/wp\/v2\/posts\/24761\/revisions"}],"wp:featuredmedia":[{"embeddable":true,"href":"https:\/\/migracao.redenoticia.com.br\/noticia\/wp-json\/wp\/v2\/media\/22134"}],"wp:attachment":[{"href":"https:\/\/migracao.redenoticia.com.br\/noticia\/wp-json\/wp\/v2\/media?parent=24761"}],"wp:term":[{"taxonomy":"category","embeddable":true,"href":"https:\/\/migracao.redenoticia.com.br\/noticia\/wp-json\/wp\/v2\/categories?post=24761"},{"taxonomy":"post_tag","embeddable":true,"href":"https:\/\/migracao.redenoticia.com.br\/noticia\/wp-json\/wp\/v2\/tags?post=24761"}],"curies":[{"name":"wp","href":"https:\/\/api.w.org\/{rel}","templated":true}]}}