{"id":247622,"date":"2024-09-23T19:09:27","date_gmt":"2024-09-23T22:09:27","guid":{"rendered":"https:\/\/www.redenoticia.com.br\/noticia\/?p=247622"},"modified":"2024-09-23T19:09:27","modified_gmt":"2024-09-23T22:09:27","slug":"resumo-contigo-sim-24-09-gerardo-deixara-suas-acoes-para-angela-e-adela","status":"publish","type":"post","link":"https:\/\/migracao.redenoticia.com.br\/noticia\/2024\/resumo-contigo-sim-24-09-gerardo-deixara-suas-acoes-para-angela-e-adela\/247622","title":{"rendered":"Resumo \u201cContigo Sim\u201d 24\/09: Gerardo deixar\u00e1 suas a\u00e7\u00f5es para \u00c1ngela e Adela"},"content":{"rendered":"<p> <img loading=\"lazy\" decoding=\"async\" src=\"https:\/\/migracao.redenoticia.com.br\/noticia\/imagens\/novela-contigo-sim-capitulo-resumo.jpg\" alt=\"\" width=\"1280\" height=\"720\" class=\"aligncenter size-full wp-image-243831\" srcset=\"https:\/\/migracao.redenoticia.com.br\/noticia\/imagens\/novela-contigo-sim-capitulo-resumo.jpg 1280w, https:\/\/migracao.redenoticia.com.br\/noticia\/imagens\/novela-contigo-sim-capitulo-resumo-250x140.jpg 250w, https:\/\/migracao.redenoticia.com.br\/noticia\/imagens\/novela-contigo-sim-capitulo-resumo-400x225.jpg 400w, https:\/\/migracao.redenoticia.com.br\/noticia\/imagens\/novela-contigo-sim-capitulo-resumo-768x432.jpg 768w, https:\/\/migracao.redenoticia.com.br\/noticia\/imagens\/novela-contigo-sim-capitulo-resumo-150x85.jpg 150w\" sizes=\"auto, (max-width: 1280px) 100vw, 1280px\" \/>    <\/p>\n<p><strong><em>Resumo da novela \u201cContigo Sim\u201d<\/em><\/strong> em 24\/09: no cap\u00edtulo 112(*) da novela, Luz percebe que precisa procurar emprego e lembra de um emprego anterior que gostou muito, \u00c1ngela a incentiva. Alma surpreende \u00c1lvaro com a sua visita e \u00e9 inevit\u00e1vel que ela pegue Josu\u00e9 nos bra\u00e7os. Leonardo quer conhecer o passado da m\u00e3e e a confronta. Leonardo concorda em reencontrar J\u00falio e pede perd\u00e3o, ele implora por uma chance como pai e os dois se abra\u00e7am forte. Mirta garante a Gerardo que ele \u00e9 muito duro em suas decis\u00f5es, mas ele confessa que sua filha Samanta superou todos os limites. <\/p>\n<p>\u00c1lvaro aproveita que \u00c1ngela est\u00e1 perto dele para roubar um beijo. Don Gerardo torna p\u00fablico que deixar\u00e1 suas a\u00e7\u00f5es para \u00c1ngela e Adela, ent\u00e3o Samanta reage chateada e garante que n\u00e3o o reconhece como pai. Alma reencontra I\u00f1aki, que n\u00e3o hesita em lhe dar um beijo. Ao v\u00ea-lo, ela o convida para ir ao seu apartamento para propor um plano contra sua inimiga. Leonardo fica chateado ao ver que \u00c1lvaro roubou um beijo de \u00c1ngela e Don Gerardo desabafa para Adela.  <\/p>\n<p>(*) edi\u00e7\u00e3o das novelas do SBT, \u201cContigo Sim\u201d, sujeito a altera\u00e7\u00e3o de data e conte\u00fado.<\/p>\n<p>Sinopse: \u201cContigo Sim\u201d conta a hist\u00f3ria de \u00c1ngela (Alejandra Robles Gil), que \u00e9 enfermeira e estudante de medicina. Ela \u00e9 seduzida por \u00c1lvaro (Danilo Carrera), um jovem ambicioso que visita sua cidade em viagem de neg\u00f3cios para construir um hospital. \u00c1ngela e \u00c1lvaro se casam, mas ele a abandona e volta para a Cidade do M\u00e9xico, onde fica noivo de Samantha (B\u00e1rbara Islas) e se casa com ela tamb\u00e9m. \u00c1ngela decide ir para a Cidade do M\u00e9xico em busca de \u00c1lvaro, ela descobre o engano e conhece Leonardo (Brandon Peniche), um m\u00e9dico que se apaixona por ela e passa a ser seu protetor. \u00c1ngela lutar\u00e1 incansavelmente contra as adversidades do destino, na busca pelo amor verdadeiro.<\/p>\n","protected":false},"excerpt":{"rendered":"<p>Resumo da novela \u201cContigo Sim\u201d em 24\/09: no cap\u00edtulo 112(*) da novela, Luz percebe que precisa procurar emprego e lembra de um emprego anterior que gostou muito, \u00c1ngela a incentiva. Alma surpreende \u00c1lvaro com a sua visita e \u00e9 inevit\u00e1vel que ela pegue Josu\u00e9 nos bra\u00e7os. Leonardo quer conhecer o passado da m\u00e3e e a [&hellip;]<\/p>\n","protected":false},"author":3,"featured_media":243830,"comment_status":"closed","ping_status":"closed","sticky":false,"template":"","format":"standard","meta":{"tdm_status":"","tdm_grid_status":"","footnotes":""},"categories":[2327,379,2025,372,343],"tags":[441],"class_list":{"0":"post-247622","1":"post","2":"type-post","3":"status-publish","4":"format-standard","5":"has-post-thumbnail","7":"category-contigo-sim","8":"category-novelas","9":"category-resumo","10":"category-sbt","11":"category-televisao","12":"tag-resumo-do-dia"},"_links":{"self":[{"href":"https:\/\/migracao.redenoticia.com.br\/noticia\/wp-json\/wp\/v2\/posts\/247622","targetHints":{"allow":["GET"]}}],"collection":[{"href":"https:\/\/migracao.redenoticia.com.br\/noticia\/wp-json\/wp\/v2\/posts"}],"about":[{"href":"https:\/\/migracao.redenoticia.com.br\/noticia\/wp-json\/wp\/v2\/types\/post"}],"author":[{"embeddable":true,"href":"https:\/\/migracao.redenoticia.com.br\/noticia\/wp-json\/wp\/v2\/users\/3"}],"replies":[{"embeddable":true,"href":"https:\/\/migracao.redenoticia.com.br\/noticia\/wp-json\/wp\/v2\/comments?post=247622"}],"version-history":[{"count":0,"href":"https:\/\/migracao.redenoticia.com.br\/noticia\/wp-json\/wp\/v2\/posts\/247622\/revisions"}],"wp:featuredmedia":[{"embeddable":true,"href":"https:\/\/migracao.redenoticia.com.br\/noticia\/wp-json\/wp\/v2\/media\/243830"}],"wp:attachment":[{"href":"https:\/\/migracao.redenoticia.com.br\/noticia\/wp-json\/wp\/v2\/media?parent=247622"}],"wp:term":[{"taxonomy":"category","embeddable":true,"href":"https:\/\/migracao.redenoticia.com.br\/noticia\/wp-json\/wp\/v2\/categories?post=247622"},{"taxonomy":"post_tag","embeddable":true,"href":"https:\/\/migracao.redenoticia.com.br\/noticia\/wp-json\/wp\/v2\/tags?post=247622"}],"curies":[{"name":"wp","href":"https:\/\/api.w.org\/{rel}","templated":true}]}}