{"id":247657,"date":"2024-09-24T19:22:56","date_gmt":"2024-09-24T22:22:56","guid":{"rendered":"https:\/\/www.redenoticia.com.br\/noticia\/?p=247657"},"modified":"2024-09-24T19:22:56","modified_gmt":"2024-09-24T22:22:56","slug":"resumo-mania-de-voce-25-09-mavi-tenta-intrigar-viola-contra-luma","status":"publish","type":"post","link":"https:\/\/migracao.redenoticia.com.br\/noticia\/2024\/resumo-mania-de-voce-25-09-mavi-tenta-intrigar-viola-contra-luma\/247657","title":{"rendered":"Resumo &#8220;Mania de Voc\u00ea&#8221; 25\/09: Mavi tenta intrigar Viola contra Luma"},"content":{"rendered":"<p> <img loading=\"lazy\" decoding=\"async\" src=\"https:\/\/migracao.redenoticia.com.br\/noticia\/imagens\/resumo-mania-de-voce-novela-globo.jpg\" alt=\"\" width=\"1280\" height=\"720\" class=\"aligncenter size-full wp-image-247027\" srcset=\"https:\/\/migracao.redenoticia.com.br\/noticia\/imagens\/resumo-mania-de-voce-novela-globo.jpg 1280w, https:\/\/migracao.redenoticia.com.br\/noticia\/imagens\/resumo-mania-de-voce-novela-globo-250x140.jpg 250w, https:\/\/migracao.redenoticia.com.br\/noticia\/imagens\/resumo-mania-de-voce-novela-globo-400x225.jpg 400w, https:\/\/migracao.redenoticia.com.br\/noticia\/imagens\/resumo-mania-de-voce-novela-globo-768x432.jpg 768w, https:\/\/migracao.redenoticia.com.br\/noticia\/imagens\/resumo-mania-de-voce-novela-globo-150x85.jpg 150w\" sizes=\"auto, (max-width: 1280px) 100vw, 1280px\" \/> <\/p>\n<p><strong><em>Resumo da novela &#8220;Mania de Voc\u00ea&#8221;<\/em><\/strong> em 25\/09: no cap\u00edtulo 015(*) da novela, Mavi n\u00e3o conta a Viola que \u00e9 o dono do empreendimento. \u00cdsis fica impactada ao encontrar com Leidi na festa. Mavi pede que M\u00e9rcia se esconda de Viola. Luma \u00e9 demitida da empresa de aplicativo e decide procurar Viola. Diana n\u00e3o gosta do interesse de Hugo no namoro de Bruna com Tom\u00e1s. Moema insiste para que Rud\u00e1 volte ao Brasil para ficar com Viola. Viola cede \u00e0s investidas de Mavi. Rud\u00e1 avisa a Filipa que ir\u00e1 para o Brasil. \u00cdsis se apavora ao encontrar Leidi na cozinha de sua casa. Viola se depara com Luma em seu restaurante.<\/p>\n<p>Viola e Luma se emocionam com o reencontro. Leidi chantageia \u00cdsis. Luma conta a Viola que Mavi a enganou e roubou todo o seu dinheiro. Viola oferece emprego a Luma no seu restaurante e a convida para morar com ela. Mavi fica at\u00f4nito ao ver Luma na casa de Viola pelo computador na sala de controle. Mavi tenta intrigar Viola contra Luma, e pede \u00e0 chef para manter em segredo o contato dos dois. Moema se emociona ao ver Rud\u00e1. Rud\u00e1 e Viola se encontram.<\/p>\n<p>Viola fica mexida com a presen\u00e7a de Rud\u00e1. M\u00e9rcia diz a Mavi que ele n\u00e3o conseguir\u00e1 enganar Viola por muito tempo. Mavi confronta M\u00e9rcia e pede que a m\u00e3e se afaste por um tempo. Luma sente certa desconfian\u00e7a por parte de Viola, que se desculpa com a amiga. Leidi manda \u00cdsis contratar seu marido como motorista. Mavi diz a Viola que est\u00e1 se candidatando para uma vaga de emprego no Resort. Viola inventa para Mavi que se encontrar\u00e1 com uma amiga, quando na verdade planeja ver Rud\u00e1. M\u00e9rcia conta a Luma que Mavi e Viola est\u00e3o juntos.  <\/p>\n<p>(*) edi\u00e7\u00e3o das novelas da Globo, &#8220;Mania de Voc\u00ea&#8221;, sujeito a altera\u00e7\u00e3o de data e conte\u00fado.<\/p>\n<p>Sinopse &#8220;Mania de Voc\u00ea&#8221;: Viola (Gabz) e Luma (Agatha Moreira), duas mulheres que nasceram no mesmo dia e se conhecem anos mais tarde, unidas por coincid\u00eancias que v\u00e3o al\u00e9m da data de anivers\u00e1rio. Uma jornada que as inclui num quarteto amoroso com Mavi (Chay Suede) e Rud\u00e1 (Nicolas Prattes) e que ser\u00e1 dividida entre a cumplicidade e a rivalidade, impactada por uma s\u00e9rie de circunst\u00e2ncias, como o segredo em torno de um assassinato. Como pano de fundo, o universo da gastronomia e o cen\u00e1rio da natureza paradis\u00edaca de Angra dos Reis.<\/p>\n<p>Na segunda fase de &#8220;Mania de Voc\u00ea&#8221;, que se passa 10 anos ap\u00f3s o assassinato de Molina (Rodrigo Lombardi), novos personagens aparecem na trama criada e escrita por Jo\u00e3o Emanuel Carneiro, com dire\u00e7\u00e3o art\u00edstica de Carlos Araujo. \u00c9 o caso da fam\u00edlia de Leidi (Thalita Carauta), que surge nos primeiros cap\u00edtulos da novela, mas retorna ao lado da fam\u00edlia na segunda fase, transformando a luxuosa rotina de \u00cdsis (Mariana Ximenes) em um pesadelo c\u00f4mico. <\/p>\n","protected":false},"excerpt":{"rendered":"<p>Resumo da novela &#8220;Mania de Voc\u00ea&#8221; em 25\/09: no cap\u00edtulo 015(*) da novela, Mavi n\u00e3o conta a Viola que \u00e9 o dono do empreendimento. \u00cdsis fica impactada ao encontrar com Leidi na festa. Mavi pede que M\u00e9rcia se esconda de Viola. Luma \u00e9 demitida da empresa de aplicativo e decide procurar Viola. Diana n\u00e3o gosta [&hellip;]<\/p>\n","protected":false},"author":2,"featured_media":247026,"comment_status":"closed","ping_status":"closed","sticky":false,"template":"","format":"standard","meta":{"tdm_status":"","tdm_grid_status":"","footnotes":""},"categories":[2333,379,375,2025,343],"tags":[441],"class_list":{"0":"post-247657","1":"post","2":"type-post","3":"status-publish","4":"format-standard","5":"has-post-thumbnail","7":"category-mania-de-voce","8":"category-novelas","9":"category-rede-globo","10":"category-resumo","11":"category-televisao","12":"tag-resumo-do-dia"},"_links":{"self":[{"href":"https:\/\/migracao.redenoticia.com.br\/noticia\/wp-json\/wp\/v2\/posts\/247657","targetHints":{"allow":["GET"]}}],"collection":[{"href":"https:\/\/migracao.redenoticia.com.br\/noticia\/wp-json\/wp\/v2\/posts"}],"about":[{"href":"https:\/\/migracao.redenoticia.com.br\/noticia\/wp-json\/wp\/v2\/types\/post"}],"author":[{"embeddable":true,"href":"https:\/\/migracao.redenoticia.com.br\/noticia\/wp-json\/wp\/v2\/users\/2"}],"replies":[{"embeddable":true,"href":"https:\/\/migracao.redenoticia.com.br\/noticia\/wp-json\/wp\/v2\/comments?post=247657"}],"version-history":[{"count":0,"href":"https:\/\/migracao.redenoticia.com.br\/noticia\/wp-json\/wp\/v2\/posts\/247657\/revisions"}],"wp:featuredmedia":[{"embeddable":true,"href":"https:\/\/migracao.redenoticia.com.br\/noticia\/wp-json\/wp\/v2\/media\/247026"}],"wp:attachment":[{"href":"https:\/\/migracao.redenoticia.com.br\/noticia\/wp-json\/wp\/v2\/media?parent=247657"}],"wp:term":[{"taxonomy":"category","embeddable":true,"href":"https:\/\/migracao.redenoticia.com.br\/noticia\/wp-json\/wp\/v2\/categories?post=247657"},{"taxonomy":"post_tag","embeddable":true,"href":"https:\/\/migracao.redenoticia.com.br\/noticia\/wp-json\/wp\/v2\/tags?post=247657"}],"curies":[{"name":"wp","href":"https:\/\/api.w.org\/{rel}","templated":true}]}}