{"id":247664,"date":"2024-09-24T19:14:58","date_gmt":"2024-09-24T22:14:58","guid":{"rendered":"https:\/\/www.redenoticia.com.br\/noticia\/?p=247664"},"modified":"2024-09-24T19:14:58","modified_gmt":"2024-09-24T22:14:58","slug":"resumo-cabocla-25-09-belinha-garante-que-ama-neco","status":"publish","type":"post","link":"https:\/\/migracao.redenoticia.com.br\/noticia\/2024\/resumo-cabocla-25-09-belinha-garante-que-ama-neco\/247664","title":{"rendered":"Resumo &#8220;Cabocla&#8221; 25\/09: Belinha garante que ama Neco"},"content":{"rendered":"<p> <img loading=\"lazy\" decoding=\"async\" src=\"https:\/\/migracao.redenoticia.com.br\/noticia\/imagens\/cabocla-resumo-novela.jpg\" alt=\"\" width=\"1280\" height=\"720\" class=\"aligncenter size-full wp-image-246754\" srcset=\"https:\/\/migracao.redenoticia.com.br\/noticia\/imagens\/cabocla-resumo-novela.jpg 1280w, https:\/\/migracao.redenoticia.com.br\/noticia\/imagens\/cabocla-resumo-novela-250x140.jpg 250w, https:\/\/migracao.redenoticia.com.br\/noticia\/imagens\/cabocla-resumo-novela-400x225.jpg 400w, https:\/\/migracao.redenoticia.com.br\/noticia\/imagens\/cabocla-resumo-novela-768x432.jpg 768w, https:\/\/migracao.redenoticia.com.br\/noticia\/imagens\/cabocla-resumo-novela-150x85.jpg 150w\" sizes=\"auto, (max-width: 1280px) 100vw, 1280px\" \/>  <\/p>\n<p><em><strong>Resumo da novela &#8220;Cabocla&#8221;<\/strong><\/em> em 25\/09: no cap\u00edtulo 027(*) da novela, Neco decide conversar com Boanerges sobre Belinha. Zuca vai at\u00e9 o quarto de Lu\u00eds. Tobias afirma para Tom\u00e9 que s\u00f3 n\u00e3o mata Justino por causa de Zuca. Lu\u00eds se declara para Zuca e resolve roub\u00e1-la de Tobias. Boanerges pede que Tobias e Tom\u00e9 venham com ele at\u00e9 a escola. Belinha teme que haja briga e pensa numa maneira de avisar Neco. Justino v\u00ea que todas as crian\u00e7as est\u00e3o na escola, mas um dos alunos afirma que eles s\u00f3 foram porque Boanerges mandou.<\/p>\n<p>Justino fica furioso ao saber que as crian\u00e7as s\u00f3 voltaram para a escola por causa de Boanerges. Boanerges manda que Neco se afaste de Belinha, mas ele afirma que a ama. Todos ficam impressionados com a coragem de Neco. Boanerges insiste que Belinha est\u00e1 comprometida com outro homem. Belinha garante que ama Neco. Zuca faz jogo de dedu\u00e7\u00e3o com Lu\u00eds. Boanerges avisa a Belinha que ela vai se casar com o filho de Mac\u00e1rio, o que a deixa desesperada. <\/p>\n<p>Pequetita fica chateada com a falta de not\u00edcias de Lu\u00eds, mas Joaquim garante que ele vai lhe escrever. Xex\u00e9u aconselha Justino a contratar um advogado. Mariquinha repreende Neco por ter enfrentado Boanerges. Xex\u00e9u tenta descobrir se Lu\u00eds tem experi\u00eancia como advogado. Emerenciana estranha o interesse dele e desconfia. Bina tem um mau pressentimento em rela\u00e7\u00e3o a Zuca. Zuca fica preocupada, quando Lu\u00eds fica tempo demais no sol e come\u00e7a a passar mal.<\/p>\n<p>Boanerges e Emerenciana mandam Lu\u00eds descansar. Lu\u00eds garante a Zuca que est\u00e1 bem. Emerenciana v\u00ea Zuca saindo do quarto de Lu\u00eds. Boanerges manda que Ritinha e Nast\u00e1cio n\u00e3o ajudem mais Belinha a se encontrar com Neco. Justino n\u00e3o consegue um advogado para defend\u00ea-lo. Lu\u00eds ouve Tobias falando de Zuca e se sente culpado. Neco deixa um bilhete para Belinha num local combinado. Lu\u00eds diz a Boanerges que \u00e9 um erro obrigar Belinha a se casar com algu\u00e9m que ela n\u00e3o ama. Boanerges fica contrariado. Lu\u00eds avisa que a fam\u00edlia de Fel\u00edcio j\u00e1 pode voltar para suas terras. Zuca abra\u00e7a Lu\u00eds agradecida. Emerenciana v\u00ea e manda Lu\u00eds se afastar de Zuca. Justino fica furioso ao saber que vai ter que deixar Fel\u00edcio ocupar as terras. Edmundo diz para Joaquim que Pequetita seria a mulher ideal para ele e n\u00e3o para Lu\u00eds. Emerenciana encontra a carta que Neco mandou para Belinha e resolve ler a que ela ia mandar em resposta.  <\/p>\n<p>(*) edi\u00e7\u00e3o das novelas da Globo, &#8220;Cabocla&#8221;, sujeito a altera\u00e7\u00e3o de data e conte\u00fado.<\/p>\n<p>Sinopse \u201cCabocla\u201d: Lu\u00eds Jer\u00f4nimo \u00e9 um jovem mulherengo, descobre que est\u00e1 com uma les\u00e3o no pulm\u00e3o e decide passar uma temporada na fazenda de um primo em Vila da Mata, o coronel Boanerges. Ele logo se encanta por Zuca. Eles enfrentar\u00e3o muita resist\u00eancia por conta de Zuca ser noiva do teimoso e encrenqueiro pe\u00e3o Tobias. Pepa, apaixonada por Lu\u00eds, se estabelece na fazenda vizinha, de propriedade do coronel vi\u00favo Justino, inimigo pol\u00edtico do coronel Boanerges.<\/p>\n<p>Paralelamente a esse embate, acontece o amor entre Belinha e Neco. Ela \u00e9 filha de Boanerges e Emerenciana; ele, de Justino. Em meio a tudo isso, eis que os sentimentos de Mariquinha, filha do coronel Justino e irm\u00e3 de Neco, por Tobias afloraram, fazendo-os viverem um quarteto amoroso ao lado de Zuca e Lu\u00eds Jer\u00f4nimo. No decorrer da trama, Tom\u00e9 desiste de esperar Rosa e se apaixona por Tina, por\u00e9m acaba morrendo, v\u00edtima de um assassinato, e deixa Tina vi\u00fava e gr\u00e1vida dele.<\/p>\n","protected":false},"excerpt":{"rendered":"<p>Resumo da novela &#8220;Cabocla&#8221; em 25\/09: no cap\u00edtulo 027(*) da novela, Neco decide conversar com Boanerges sobre Belinha. Zuca vai at\u00e9 o quarto de Lu\u00eds. Tobias afirma para Tom\u00e9 que s\u00f3 n\u00e3o mata Justino por causa de Zuca. Lu\u00eds se declara para Zuca e resolve roub\u00e1-la de Tobias. Boanerges pede que Tobias e Tom\u00e9 venham [&hellip;]<\/p>\n","protected":false},"author":2,"featured_media":246755,"comment_status":"closed","ping_status":"closed","sticky":false,"template":"","format":"standard","meta":{"tdm_status":"","tdm_grid_status":"","footnotes":""},"categories":[2332,379,375,2025,343],"tags":[441],"class_list":{"0":"post-247664","1":"post","2":"type-post","3":"status-publish","4":"format-standard","5":"has-post-thumbnail","7":"category-cabocla","8":"category-novelas","9":"category-rede-globo","10":"category-resumo","11":"category-televisao","12":"tag-resumo-do-dia"},"_links":{"self":[{"href":"https:\/\/migracao.redenoticia.com.br\/noticia\/wp-json\/wp\/v2\/posts\/247664","targetHints":{"allow":["GET"]}}],"collection":[{"href":"https:\/\/migracao.redenoticia.com.br\/noticia\/wp-json\/wp\/v2\/posts"}],"about":[{"href":"https:\/\/migracao.redenoticia.com.br\/noticia\/wp-json\/wp\/v2\/types\/post"}],"author":[{"embeddable":true,"href":"https:\/\/migracao.redenoticia.com.br\/noticia\/wp-json\/wp\/v2\/users\/2"}],"replies":[{"embeddable":true,"href":"https:\/\/migracao.redenoticia.com.br\/noticia\/wp-json\/wp\/v2\/comments?post=247664"}],"version-history":[{"count":0,"href":"https:\/\/migracao.redenoticia.com.br\/noticia\/wp-json\/wp\/v2\/posts\/247664\/revisions"}],"wp:featuredmedia":[{"embeddable":true,"href":"https:\/\/migracao.redenoticia.com.br\/noticia\/wp-json\/wp\/v2\/media\/246755"}],"wp:attachment":[{"href":"https:\/\/migracao.redenoticia.com.br\/noticia\/wp-json\/wp\/v2\/media?parent=247664"}],"wp:term":[{"taxonomy":"category","embeddable":true,"href":"https:\/\/migracao.redenoticia.com.br\/noticia\/wp-json\/wp\/v2\/categories?post=247664"},{"taxonomy":"post_tag","embeddable":true,"href":"https:\/\/migracao.redenoticia.com.br\/noticia\/wp-json\/wp\/v2\/tags?post=247664"}],"curies":[{"name":"wp","href":"https:\/\/api.w.org\/{rel}","templated":true}]}}