{"id":247666,"date":"2024-09-24T19:17:09","date_gmt":"2024-09-24T22:17:09","guid":{"rendered":"https:\/\/www.redenoticia.com.br\/noticia\/?p=247666"},"modified":"2024-09-24T19:17:09","modified_gmt":"2024-09-24T22:17:09","slug":"resumo-alma-gemea-25-09-felipe-diz-a-rafael-que-nao-gosta-de-debora","status":"publish","type":"post","link":"https:\/\/migracao.redenoticia.com.br\/noticia\/2024\/resumo-alma-gemea-25-09-felipe-diz-a-rafael-que-nao-gosta-de-debora\/247666","title":{"rendered":"Resumo &#8220;Alma G\u00eamea&#8221; 25\/09: Felipe diz a Rafael que n\u00e3o gosta de D\u00e9bora"},"content":{"rendered":"<p> <img loading=\"lazy\" decoding=\"async\" src=\"https:\/\/migracao.redenoticia.com.br\/noticia\/imagens\/resumo-alma-gemea-logo-novela.jpg\" alt=\"\" width=\"1280\" height=\"720\" class=\"aligncenter size-full wp-image-244166\" srcset=\"https:\/\/migracao.redenoticia.com.br\/noticia\/imagens\/resumo-alma-gemea-logo-novela.jpg 1280w, https:\/\/migracao.redenoticia.com.br\/noticia\/imagens\/resumo-alma-gemea-logo-novela-250x140.jpg 250w, https:\/\/migracao.redenoticia.com.br\/noticia\/imagens\/resumo-alma-gemea-logo-novela-400x225.jpg 400w, https:\/\/migracao.redenoticia.com.br\/noticia\/imagens\/resumo-alma-gemea-logo-novela-768x432.jpg 768w, https:\/\/migracao.redenoticia.com.br\/noticia\/imagens\/resumo-alma-gemea-logo-novela-150x85.jpg 150w\" sizes=\"auto, (max-width: 1280px) 100vw, 1280px\" \/><\/p>\n<p><em><strong>Resumo da novela &#8220;Alma G\u00eamea&#8221;<\/strong><\/em> em 25\/09: no cap\u00edtulo 106(*) da novela, Eduardo avisa Rafael que mais tarde conversar\u00e1 com ele um assunto s\u00e9rio. O pessoal da pens\u00e3o exige que Roberval divida igualmente os dois frangos que comprou. Alexandra volta a ser perturbada pelo esp\u00edrito mau. Guto surge para Cristina e diz que Eduardo vai desmascar\u00e1-la. H\u00e9lio diz que vai fazer Dalila confessar a verdade para Rafael. Eduardo diz que talvez n\u00e3o seja necess\u00e1rio pois ele mesmo vai contar que ela nunca esteve gr\u00e1vida. Eduardo pede que Serena d\u00ea outra chance a Rafael. Serena explica que s\u00f3 poder\u00e1 ficar com Rafael quando ele n\u00e3o tiver mais la\u00e7os com Cristina. Cristina grita e atira um vaso no esp\u00edrito de Guto. Rafael estranha os gritos de Cristina. D\u00e9bora afirma para Rafael que Cristina ainda est\u00e1 perturbada por causa do filho que perdeu. Rafael percebe que D\u00e9bora est\u00e1 tentando deix\u00e1-lo culpado e afirma que n\u00e3o ag\u00fcenta mais essa situa\u00e7\u00e3o. Felipe diz a Rafael que n\u00e3o gosta de D\u00e9bora porque ela \u00e9 invejosa. K\u00e1tia n\u00e3o p\u00e1ra de pensar na proposta de Rodriguez. Crispim fica bravo quando Bernardo diz que K\u00e1tia talvez n\u00e3o seja t\u00e3o recatada como ele pensa. <\/p>\n<p>Raul manda Carlito dizer ao juiz que tem medo de Vit\u00f3rio. Roberval diz a Dalila que n\u00e3o vai perdo\u00e1-la se ela estiver escondendo alguma coisa. Alexandra enfrenta Nair, que pede ajuda. Julian ouve os gritos e corre para ver o que est\u00e1 acontecendo. Sob influ\u00eancia de um esp\u00edrito maligno, Alexandra atormenta Julian dizendo que ele tamb\u00e9m \u00e9 apaixonado por ela. D\u00e9bora e Cristina tramam contra Eduardo. Alexandra se aproxima de Julian para beij\u00e1-lo. Julian se afasta de Alexandra e consegue expulsar o esp\u00edrito. Ela desperta e n\u00e3o se lembra de nada. Raul leva um t\u00e9cnico at\u00e9 o roseiral de Rafael para que descubra se h\u00e1 min\u00e9rio de ferro no solo da regi\u00e3o. D\u00e9bora insinua para Rafael que Eduardo tem uma queda por Cristina. Rafael se recorda dos elogios que Eduardo fez a Cristina. D\u00e9bora manda Ivan dizer a Eduardo que Cristina est\u00e1 passando mal. Julian aconselha Eduardo a dar mais apoio a Alexandra para que ela se livre do esp\u00edrito obsessor. Cristina se prepara para receber Eduardo. Eduardo vai at\u00e9 o quarto de Cristina para examin\u00e1-la antes de falar com Rafael. Cristina tinha uma armadinha preparada: quando Eduardo chega, ela o beija. Depois grita por socorro. Rafael vem acudi-la e flagra o m\u00e9dico todo manchado de batom.  <\/p>\n<p>(*) edi\u00e7\u00e3o das novelas da Globo, &#8220;Alma G\u00eamea&#8221;, sujeito a altera\u00e7\u00e3o de data e conte\u00fado.<\/p>\n<p>Sinopse &#8220;Alma G\u00eamea&#8221;: Rafael e Luna casam-se e t\u00eam um filho, mas a felicidade \u00e9 invejada por Cristina. Em um passeio, Rafael reage a um assalto e um dos ladr\u00f5es, que \u00e9 conhecido de Cristina, atira. Luna morre. Enquanto Rafael se desespera com a perda de Luna, em um lugar bem distante dali, nasce a menina Serena, filha de uma \u00edndia com um garimpeiro. Ela cresce em uma aldeia ind\u00edgena e tem vis\u00f5es. <\/p>\n<p>Vinte anos se passam da morte de Luna. Serena consegue trabalho como empregada na mans\u00e3o de Rafael. Serena tem em seu corpo uma marca de nascen\u00e7a, no mesmo lugar em que Luna levou o tiro. A trama segue envolta em mist\u00e9rios e marcada por fatos inexplic\u00e1veis. Rafael passa a acreditar que Serena \u00e9 de fato a reencarna\u00e7\u00e3o de Luna, se apaixona por ela e a pede em casamento. Cristina e sua m\u00e3e D\u00e9bora percebem que Serena representa uma amea\u00e7a, e a novela segue com as duas tramando de tudo para separar os dois.<\/p>\n","protected":false},"excerpt":{"rendered":"<p>Resumo da novela &#8220;Alma G\u00eamea&#8221; em 25\/09: no cap\u00edtulo 106(*) da novela, Eduardo avisa Rafael que mais tarde conversar\u00e1 com ele um assunto s\u00e9rio. O pessoal da pens\u00e3o exige que Roberval divida igualmente os dois frangos que comprou. Alexandra volta a ser perturbada pelo esp\u00edrito mau. Guto surge para Cristina e diz que Eduardo vai [&hellip;]<\/p>\n","protected":false},"author":5,"featured_media":244165,"comment_status":"closed","ping_status":"closed","sticky":false,"template":"","format":"standard","meta":{"tdm_status":"","tdm_grid_status":"","footnotes":""},"categories":[2328,379,375,2025,343],"tags":[441],"class_list":{"0":"post-247666","1":"post","2":"type-post","3":"status-publish","4":"format-standard","5":"has-post-thumbnail","7":"category-alma-gemea","8":"category-novelas","9":"category-rede-globo","10":"category-resumo","11":"category-televisao","12":"tag-resumo-do-dia"},"_links":{"self":[{"href":"https:\/\/migracao.redenoticia.com.br\/noticia\/wp-json\/wp\/v2\/posts\/247666","targetHints":{"allow":["GET"]}}],"collection":[{"href":"https:\/\/migracao.redenoticia.com.br\/noticia\/wp-json\/wp\/v2\/posts"}],"about":[{"href":"https:\/\/migracao.redenoticia.com.br\/noticia\/wp-json\/wp\/v2\/types\/post"}],"author":[{"embeddable":true,"href":"https:\/\/migracao.redenoticia.com.br\/noticia\/wp-json\/wp\/v2\/users\/5"}],"replies":[{"embeddable":true,"href":"https:\/\/migracao.redenoticia.com.br\/noticia\/wp-json\/wp\/v2\/comments?post=247666"}],"version-history":[{"count":0,"href":"https:\/\/migracao.redenoticia.com.br\/noticia\/wp-json\/wp\/v2\/posts\/247666\/revisions"}],"wp:featuredmedia":[{"embeddable":true,"href":"https:\/\/migracao.redenoticia.com.br\/noticia\/wp-json\/wp\/v2\/media\/244165"}],"wp:attachment":[{"href":"https:\/\/migracao.redenoticia.com.br\/noticia\/wp-json\/wp\/v2\/media?parent=247666"}],"wp:term":[{"taxonomy":"category","embeddable":true,"href":"https:\/\/migracao.redenoticia.com.br\/noticia\/wp-json\/wp\/v2\/categories?post=247666"},{"taxonomy":"post_tag","embeddable":true,"href":"https:\/\/migracao.redenoticia.com.br\/noticia\/wp-json\/wp\/v2\/tags?post=247666"}],"curies":[{"name":"wp","href":"https:\/\/api.w.org\/{rel}","templated":true}]}}